{"id":4254,"date":"2021-12-08T04:31:19","date_gmt":"2021-12-07T17:31:19","guid":{"rendered":"https:\/\/wordpress.temp.irap-dev.org\/registrations-are-open-for-the-danube-region-transport-day-2021\/"},"modified":"2021-12-08T04:31:19","modified_gmt":"2021-12-07T17:31:19","slug":"registrations-are-open-for-the-danube-region-transport-day-2021","status":"publish","type":"post","link":"https:\/\/irap.org\/pt\/registrations-are-open-for-the-danube-region-transport-day-2021\/","title":{"rendered":"Est\u00e3o abertas as inscri\u00e7\u00f5es para o Dia do Transporte da Regi\u00e3o do Dan\u00fabio 2021."},"content":{"rendered":"<p>A 6\u00aa confer\u00eancia de partes interessadas\u00a0<strong>Dia do Transporte da Regi\u00e3o do Dan\u00fabio 2021<\/strong>, um evento conjunto dos coordenadores da Estrat\u00e9gia da Uni\u00e3o Europeia para a Regi\u00e3o do Dan\u00fabio PA1b e da Comiss\u00e3o Econ\u00f3mica das Na\u00e7\u00f5es Unidas para a Europa (UNECE), ter\u00e1 lugar em formato virtual no dia\u00a0<strong>Sexta-feira, 17 de dezembro de 2021, entre 9h30 e 16h00 CET.<\/strong><\/p>\n<p>Este ano, o foco da confer\u00eancia ser\u00e1:<br \/>\u2022 Financiamento do transporte no pr\u00f3ximo per\u00edodo financeiro de 2021 a 2027,<br \/>\u2022 Transformando as ferrovias na macrorregi\u00e3o do Dan\u00fabio,<br \/>\u2022 A infraestrutura ciclovi\u00e1ria ganha import\u00e2ncia em tempos nos quais o transporte individual \u00e9 essencial para deslocamentos di\u00e1rios e lazer.<\/p>\n<p>A subsidi\u00e1ria da EuroRAP na Eslov\u00eania e principal parceira do projeto transnacional.\u00a0<a href=\"https:\/\/www.interreg-danube.eu\/approved-projects\/sabrina\">SABRINA \u2013 Rotas de bicicleta mais seguras na regi\u00e3o do Dan\u00fabio<\/a>, O Instituto Europeu de Avalia\u00e7\u00e3o de Rodovias \u2013 EuroRAP (EIRA \u2013 EuroRAP) participar\u00e1 do m\u00f3dulo da tarde sobre \u201cO potencial das ciclovias na regi\u00e3o do Dan\u00fabio: Ciclismo seguro para deslocamento di\u00e1rio e lazer\u201d. Marko Sevrovic apresentar\u00e1 as experi\u00eancias dos levantamentos de seguran\u00e7a da infraestrutura ciclovi\u00e1ria do projeto EuroVelo na regi\u00e3o do Dan\u00fabio.<\/p>\n<p>A programa\u00e7\u00e3o do evento e o link para inscri\u00e7\u00e3o est\u00e3o dispon\u00edveis.\u00a0<a href=\"https:\/\/transport.danube-region.eu\/conferences\/danube-region-transport-day-2021-drtd-2021\/\">AQUI<\/a>.<\/p>","protected":false},"excerpt":{"rendered":"<p>The 6th stakeholder conference\u00a0Danube Region Transport Day 2021, a joint event of the European Union Strategy for Danube Region PA1b coordinators and United Nations Economic Commission for Europe (UNECE), will happen in a virtual format on\u00a0Friday, 17 December 2021, between 9:30 and 16:00 CET. This year the focus of the conference will be on:\u2022 Financing [&hellip;]<\/p>\n","protected":false},"author":2,"featured_media":4255,"comment_status":"closed","ping_status":"open","sticky":false,"template":"","format":"standard","meta":{"_acf_changed":false,"inline_featured_image":false,"footnotes":""},"categories":[28],"tags":[166,169,80],"class_list":["post-4254","post","type-post","status-publish","format-standard","has-post-thumbnail","hentry","category-global-news","tag-danube","tag-europe","tag-eurorap"],"acf":[],"yoast_head":"<!-- This site is optimized with the Yoast SEO Premium plugin v27.8 (Yoast SEO v28.2) - https:\/\/yoast.com\/product\/yoast-seo-premium-wordpress\/ -->\n<title>Registrations are open for the Danube Region Transport Day 2021 - iRAP<\/title>\n<meta name=\"robots\" content=\"index, follow, max-snippet:-1, max-image-preview:large, max-video-preview:-1\" \/>\n<link rel=\"canonical\" href=\"https:\/\/irap.org\/pt\/registrations-are-open-for-the-danube-region-transport-day-2021\/\" \/>\n<meta property=\"og:locale\" content=\"pt_BR\" \/>\n<meta property=\"og:type\" content=\"article\" \/>\n<meta property=\"og:title\" content=\"Registrations are open for the Danube Region Transport Day 2021\" \/>\n<meta property=\"og:description\" content=\"The 6th stakeholder conference\u00a0Danube Region Transport Day 2021, a joint event of the European Union Strategy for Danube Region PA1b coordinators and United Nations Economic Commission for Europe (UNECE), will happen in a virtual format on\u00a0Friday, 17 December 2021, between 9:30 and 16:00 CET. This year the focus of the conference will be on:\u2022 Financing [&hellip;]\" \/>\n<meta property=\"og:url\" content=\"https:\/\/irap.org\/pt\/registrations-are-open-for-the-danube-region-transport-day-2021\/\" \/>\n<meta property=\"og:site_name\" content=\"iRAP\" \/>\n<meta property=\"article:publisher\" content=\"https:\/\/www.facebook.com\/iRAPfb\" \/>\n<meta property=\"article:published_time\" content=\"2021-12-07T17:31:19+00:00\" \/>\n<meta property=\"og:image\" content=\"https:\/\/irap.org\/wp-content\/uploads\/2026\/04\/EUSDR-banner_jpeg_resized-1.jpeg\" \/>\n\t<meta property=\"og:image:width\" content=\"1024\" \/>\n\t<meta property=\"og:image:height\" content=\"859\" \/>\n\t<meta property=\"og:image:type\" content=\"image\/jpeg\" \/>\n<meta name=\"author\" content=\"briarlea\" \/>\n<meta name=\"twitter:card\" content=\"summary_large_image\" \/>\n<meta name=\"twitter:creator\" content=\"@irapsavinglives\" \/>\n<meta name=\"twitter:site\" content=\"@irapsavinglives\" \/>\n<meta name=\"twitter:label1\" content=\"Escrito por\" \/>\n\t<meta name=\"twitter:data1\" content=\"briarlea\" \/>\n\t<meta name=\"twitter:label2\" content=\"Est. tempo de leitura\" \/>\n\t<meta name=\"twitter:data2\" content=\"1 minuto\" \/>\n<script type=\"application\/ld+json\" class=\"yoast-schema-graph\">{\"@context\":\"https:\\\/\\\/schema.org\",\"@graph\":[{\"@type\":\"Article\",\"@id\":\"https:\\\/\\\/irap.org\\\/nl\\\/registrations-are-open-for-the-danube-region-transport-day-2021\\\/#article\",\"isPartOf\":{\"@id\":\"https:\\\/\\\/irap.org\\\/nl\\\/registrations-are-open-for-the-danube-region-transport-day-2021\\\/\"},\"author\":{\"name\":\"briarlea\",\"@id\":\"https:\\\/\\\/irap.org\\\/#\\\/schema\\\/person\\\/9122544646907724988e3118c6bfaa5b\"},\"headline\":\"Registrations are open for the Danube Region Transport Day 2021\",\"datePublished\":\"2021-12-07T17:31:19+00:00\",\"mainEntityOfPage\":{\"@id\":\"https:\\\/\\\/irap.org\\\/nl\\\/registrations-are-open-for-the-danube-region-transport-day-2021\\\/\"},\"wordCount\":168,\"publisher\":{\"@id\":\"https:\\\/\\\/irap.org\\\/#organization\"},\"image\":{\"@id\":\"https:\\\/\\\/irap.org\\\/nl\\\/registrations-are-open-for-the-danube-region-transport-day-2021\\\/#primaryimage\"},\"thumbnailUrl\":\"https:\\\/\\\/irap.org\\\/wp-content\\\/uploads\\\/2026\\\/04\\\/EUSDR-banner_jpeg_resized-1.jpeg\",\"keywords\":[\"Danube\",\"Europe\",\"EuroRAP\"],\"articleSection\":[\"Global News\"],\"inLanguage\":\"pt-BR\"},{\"@type\":\"WebPage\",\"@id\":\"https:\\\/\\\/irap.org\\\/nl\\\/registrations-are-open-for-the-danube-region-transport-day-2021\\\/\",\"url\":\"https:\\\/\\\/irap.org\\\/nl\\\/registrations-are-open-for-the-danube-region-transport-day-2021\\\/\",\"name\":\"Registrations are open for the Danube Region Transport Day 2021 - iRAP\",\"isPartOf\":{\"@id\":\"https:\\\/\\\/irap.org\\\/#website\"},\"primaryImageOfPage\":{\"@id\":\"https:\\\/\\\/irap.org\\\/nl\\\/registrations-are-open-for-the-danube-region-transport-day-2021\\\/#primaryimage\"},\"image\":{\"@id\":\"https:\\\/\\\/irap.org\\\/nl\\\/registrations-are-open-for-the-danube-region-transport-day-2021\\\/#primaryimage\"},\"thumbnailUrl\":\"https:\\\/\\\/irap.org\\\/wp-content\\\/uploads\\\/2026\\\/04\\\/EUSDR-banner_jpeg_resized-1.jpeg\",\"datePublished\":\"2021-12-07T17:31:19+00:00\",\"breadcrumb\":{\"@id\":\"https:\\\/\\\/irap.org\\\/nl\\\/registrations-are-open-for-the-danube-region-transport-day-2021\\\/#breadcrumb\"},\"inLanguage\":\"pt-BR\",\"potentialAction\":[{\"@type\":\"ReadAction\",\"target\":[\"https:\\\/\\\/irap.org\\\/nl\\\/registrations-are-open-for-the-danube-region-transport-day-2021\\\/\"]}]},{\"@type\":\"ImageObject\",\"inLanguage\":\"pt-BR\",\"@id\":\"https:\\\/\\\/irap.org\\\/nl\\\/registrations-are-open-for-the-danube-region-transport-day-2021\\\/#primaryimage\",\"url\":\"https:\\\/\\\/irap.org\\\/wp-content\\\/uploads\\\/2026\\\/04\\\/EUSDR-banner_jpeg_resized-1.jpeg\",\"contentUrl\":\"https:\\\/\\\/irap.org\\\/wp-content\\\/uploads\\\/2026\\\/04\\\/EUSDR-banner_jpeg_resized-1.jpeg\",\"width\":1024,\"height\":859},{\"@type\":\"BreadcrumbList\",\"@id\":\"https:\\\/\\\/irap.org\\\/nl\\\/registrations-are-open-for-the-danube-region-transport-day-2021\\\/#breadcrumb\",\"itemListElement\":[{\"@type\":\"ListItem\",\"position\":1,\"name\":\"Global News\",\"item\":\"https:\\\/\\\/irap.org\\\/category\\\/global-news\\\/\"},{\"@type\":\"ListItem\",\"position\":2,\"name\":\"Registrations are open for the Danube Region Transport Day 2021\"}]},{\"@type\":\"WebSite\",\"@id\":\"https:\\\/\\\/irap.org\\\/#website\",\"url\":\"https:\\\/\\\/irap.org\\\/\",\"name\":\"iRAP\",\"description\":\"\",\"publisher\":{\"@id\":\"https:\\\/\\\/irap.org\\\/#organization\"},\"potentialAction\":[{\"@type\":\"SearchAction\",\"target\":{\"@type\":\"EntryPoint\",\"urlTemplate\":\"https:\\\/\\\/irap.org\\\/?s={search_term_string}\"},\"query-input\":{\"@type\":\"PropertyValueSpecification\",\"valueRequired\":true,\"valueName\":\"search_term_string\"}}],\"inLanguage\":\"pt-BR\"},{\"@type\":\"Organization\",\"@id\":\"https:\\\/\\\/irap.org\\\/#organization\",\"name\":\"iRAP\",\"url\":\"https:\\\/\\\/irap.org\\\/\",\"logo\":{\"@type\":\"ImageObject\",\"inLanguage\":\"pt-BR\",\"@id\":\"https:\\\/\\\/irap.org\\\/#\\\/schema\\\/logo\\\/image\\\/\",\"url\":\"https:\\\/\\\/irap.org\\\/wp-content\\\/uploads\\\/2026\\\/01\\\/Logo.svg\",\"contentUrl\":\"https:\\\/\\\/irap.org\\\/wp-content\\\/uploads\\\/2026\\\/01\\\/Logo.svg\",\"width\":112,\"height\":48,\"caption\":\"iRAP\"},\"image\":{\"@id\":\"https:\\\/\\\/irap.org\\\/#\\\/schema\\\/logo\\\/image\\\/\"},\"sameAs\":[\"https:\\\/\\\/www.facebook.com\\\/iRAPfb\",\"https:\\\/\\\/x.com\\\/irapsavinglives\",\"https:\\\/\\\/www.linkedin.com\\\/company\\\/irap\\\/\"],\"description\":\"The International Road Assessment Programme (iRAP) is a global charity dedicated to eliminating high\u2011risk roads and saving lives. We provide world-leading methodologies and tools for measuring and managing road infrastructure safety, and we work in partnership with governments, road authorities, development banks, research institutions, and civil society to make the world\u2019s roads safer for everyone.\",\"email\":\"icanhelp@irap.org\",\"legalName\":\"International Road Assessment Programme\",\"vatID\":\"GB 944 6050 25\",\"numberOfEmployees\":{\"@type\":\"QuantitativeValue\",\"minValue\":\"11\",\"maxValue\":\"50\"}},{\"@type\":\"Person\",\"@id\":\"https:\\\/\\\/irap.org\\\/#\\\/schema\\\/person\\\/9122544646907724988e3118c6bfaa5b\",\"name\":\"briarlea\",\"image\":{\"@type\":\"ImageObject\",\"inLanguage\":\"pt-BR\",\"@id\":\"https:\\\/\\\/secure.gravatar.com\\\/avatar\\\/437db38ec614bdc69e15c67310b82dbf7fcde1bd39e876647099bb596ca0680c?s=96&d=mm&r=g\",\"url\":\"https:\\\/\\\/secure.gravatar.com\\\/avatar\\\/437db38ec614bdc69e15c67310b82dbf7fcde1bd39e876647099bb596ca0680c?s=96&d=mm&r=g\",\"contentUrl\":\"https:\\\/\\\/secure.gravatar.com\\\/avatar\\\/437db38ec614bdc69e15c67310b82dbf7fcde1bd39e876647099bb596ca0680c?s=96&d=mm&r=g\",\"caption\":\"briarlea\"},\"url\":\"https:\\\/\\\/irap.org\\\/pt\\\/author\\\/briarlea\\\/\"}]}<\/script>\n<!-- \/ Yoast SEO Premium plugin. -->","yoast_head_json":{"title":"Registrations are open for the Danube Region Transport Day 2021 - iRAP","robots":{"index":"index","follow":"follow","max-snippet":"max-snippet:-1","max-image-preview":"max-image-preview:large","max-video-preview":"max-video-preview:-1"},"canonical":"https:\/\/irap.org\/pt\/registrations-are-open-for-the-danube-region-transport-day-2021\/","og_locale":"pt_BR","og_type":"article","og_title":"Registrations are open for the Danube Region Transport Day 2021","og_description":"The 6th stakeholder conference\u00a0Danube Region Transport Day 2021, a joint event of the European Union Strategy for Danube Region PA1b coordinators and United Nations Economic Commission for Europe (UNECE), will happen in a virtual format on\u00a0Friday, 17 December 2021, between 9:30 and 16:00 CET. This year the focus of the conference will be on:\u2022 Financing [&hellip;]","og_url":"https:\/\/irap.org\/pt\/registrations-are-open-for-the-danube-region-transport-day-2021\/","og_site_name":"iRAP","article_publisher":"https:\/\/www.facebook.com\/iRAPfb","article_published_time":"2021-12-07T17:31:19+00:00","og_image":[{"width":1024,"height":859,"url":"https:\/\/irap.org\/wp-content\/uploads\/2026\/04\/EUSDR-banner_jpeg_resized-1.jpeg","type":"image\/jpeg"}],"author":"briarlea","twitter_card":"summary_large_image","twitter_creator":"@irapsavinglives","twitter_site":"@irapsavinglives","twitter_misc":{"Escrito por":"briarlea","Est. tempo de leitura":"1 minuto"},"schema":{"@context":"https:\/\/schema.org","@graph":[{"@type":"Article","@id":"https:\/\/irap.org\/nl\/registrations-are-open-for-the-danube-region-transport-day-2021\/#article","isPartOf":{"@id":"https:\/\/irap.org\/nl\/registrations-are-open-for-the-danube-region-transport-day-2021\/"},"author":{"name":"briarlea","@id":"https:\/\/irap.org\/#\/schema\/person\/9122544646907724988e3118c6bfaa5b"},"headline":"Registrations are open for the Danube Region Transport Day 2021","datePublished":"2021-12-07T17:31:19+00:00","mainEntityOfPage":{"@id":"https:\/\/irap.org\/nl\/registrations-are-open-for-the-danube-region-transport-day-2021\/"},"wordCount":168,"publisher":{"@id":"https:\/\/irap.org\/#organization"},"image":{"@id":"https:\/\/irap.org\/nl\/registrations-are-open-for-the-danube-region-transport-day-2021\/#primaryimage"},"thumbnailUrl":"https:\/\/irap.org\/wp-content\/uploads\/2026\/04\/EUSDR-banner_jpeg_resized-1.jpeg","keywords":["Danube","Europe","EuroRAP"],"articleSection":["Global News"],"inLanguage":"pt-BR"},{"@type":"WebPage","@id":"https:\/\/irap.org\/nl\/registrations-are-open-for-the-danube-region-transport-day-2021\/","url":"https:\/\/irap.org\/nl\/registrations-are-open-for-the-danube-region-transport-day-2021\/","name":"Registrations are open for the Danube Region Transport Day 2021 - iRAP","isPartOf":{"@id":"https:\/\/irap.org\/#website"},"primaryImageOfPage":{"@id":"https:\/\/irap.org\/nl\/registrations-are-open-for-the-danube-region-transport-day-2021\/#primaryimage"},"image":{"@id":"https:\/\/irap.org\/nl\/registrations-are-open-for-the-danube-region-transport-day-2021\/#primaryimage"},"thumbnailUrl":"https:\/\/irap.org\/wp-content\/uploads\/2026\/04\/EUSDR-banner_jpeg_resized-1.jpeg","datePublished":"2021-12-07T17:31:19+00:00","breadcrumb":{"@id":"https:\/\/irap.org\/nl\/registrations-are-open-for-the-danube-region-transport-day-2021\/#breadcrumb"},"inLanguage":"pt-BR","potentialAction":[{"@type":"ReadAction","target":["https:\/\/irap.org\/nl\/registrations-are-open-for-the-danube-region-transport-day-2021\/"]}]},{"@type":"ImageObject","inLanguage":"pt-BR","@id":"https:\/\/irap.org\/nl\/registrations-are-open-for-the-danube-region-transport-day-2021\/#primaryimage","url":"https:\/\/irap.org\/wp-content\/uploads\/2026\/04\/EUSDR-banner_jpeg_resized-1.jpeg","contentUrl":"https:\/\/irap.org\/wp-content\/uploads\/2026\/04\/EUSDR-banner_jpeg_resized-1.jpeg","width":1024,"height":859},{"@type":"BreadcrumbList","@id":"https:\/\/irap.org\/nl\/registrations-are-open-for-the-danube-region-transport-day-2021\/#breadcrumb","itemListElement":[{"@type":"ListItem","position":1,"name":"Global News","item":"https:\/\/irap.org\/category\/global-news\/"},{"@type":"ListItem","position":2,"name":"Registrations are open for the Danube Region Transport Day 2021"}]},{"@type":"WebSite","@id":"https:\/\/irap.org\/#website","url":"https:\/\/irap.org\/","name":"iRAP","description":"","publisher":{"@id":"https:\/\/irap.org\/#organization"},"potentialAction":[{"@type":"SearchAction","target":{"@type":"EntryPoint","urlTemplate":"https:\/\/irap.org\/?s={search_term_string}"},"query-input":{"@type":"PropertyValueSpecification","valueRequired":true,"valueName":"search_term_string"}}],"inLanguage":"pt-BR"},{"@type":"Organization","@id":"https:\/\/irap.org\/#organization","name":"iRAP","url":"https:\/\/irap.org\/","logo":{"@type":"ImageObject","inLanguage":"pt-BR","@id":"https:\/\/irap.org\/#\/schema\/logo\/image\/","url":"https:\/\/irap.org\/wp-content\/uploads\/2026\/01\/Logo.svg","contentUrl":"https:\/\/irap.org\/wp-content\/uploads\/2026\/01\/Logo.svg","width":112,"height":48,"caption":"iRAP"},"image":{"@id":"https:\/\/irap.org\/#\/schema\/logo\/image\/"},"sameAs":["https:\/\/www.facebook.com\/iRAPfb","https:\/\/x.com\/irapsavinglives","https:\/\/www.linkedin.com\/company\/irap\/"],"description":"A International Road Assessment Programme (iRAP) \u00e9 uma organiza\u00e7\u00e3o beneficente global dedicada a eliminar estradas de alto risco e salvar vidas. Fornecemos metodologias e ferramentas de ponta para medir e gerenciar a seguran\u00e7a da infraestrutura rodovi\u00e1ria e trabalhamos em parceria com governos, autoridades rodovi\u00e1rias, bancos de desenvolvimento, institui\u00e7\u00f5es de pesquisa e a sociedade civil para tornar as estradas do mundo mais seguras para todos.","email":"icanhelp@irap.org","legalName":"International Road Assessment Programme","vatID":"GB 944 6050 25","numberOfEmployees":{"@type":"QuantitativeValue","minValue":"11","maxValue":"50"}},{"@type":"Person","@id":"https:\/\/irap.org\/#\/schema\/person\/9122544646907724988e3118c6bfaa5b","name":"briarlea","image":{"@type":"ImageObject","inLanguage":"pt-BR","@id":"https:\/\/secure.gravatar.com\/avatar\/437db38ec614bdc69e15c67310b82dbf7fcde1bd39e876647099bb596ca0680c?s=96&d=mm&r=g","url":"https:\/\/secure.gravatar.com\/avatar\/437db38ec614bdc69e15c67310b82dbf7fcde1bd39e876647099bb596ca0680c?s=96&d=mm&r=g","contentUrl":"https:\/\/secure.gravatar.com\/avatar\/437db38ec614bdc69e15c67310b82dbf7fcde1bd39e876647099bb596ca0680c?s=96&d=mm&r=g","caption":"briarlea"},"url":"https:\/\/irap.org\/pt\/author\/briarlea\/"}]}},"_links":{"self":[{"href":"https:\/\/irap.org\/pt\/wp-json\/wp\/v2\/posts\/4254","targetHints":{"allow":["GET"]}}],"collection":[{"href":"https:\/\/irap.org\/pt\/wp-json\/wp\/v2\/posts"}],"about":[{"href":"https:\/\/irap.org\/pt\/wp-json\/wp\/v2\/types\/post"}],"author":[{"embeddable":true,"href":"https:\/\/irap.org\/pt\/wp-json\/wp\/v2\/users\/2"}],"replies":[{"embeddable":true,"href":"https:\/\/irap.org\/pt\/wp-json\/wp\/v2\/comments?post=4254"}],"version-history":[{"count":0,"href":"https:\/\/irap.org\/pt\/wp-json\/wp\/v2\/posts\/4254\/revisions"}],"wp:featuredmedia":[{"embeddable":true,"href":"https:\/\/irap.org\/pt\/wp-json\/wp\/v2\/media\/4255"}],"wp:attachment":[{"href":"https:\/\/irap.org\/pt\/wp-json\/wp\/v2\/media?parent=4254"}],"wp:term":[{"taxonomy":"category","embeddable":true,"href":"https:\/\/irap.org\/pt\/wp-json\/wp\/v2\/categories?post=4254"},{"taxonomy":"post_tag","embeddable":true,"href":"https:\/\/irap.org\/pt\/wp-json\/wp\/v2\/tags?post=4254"}],"curies":[{"name":"wp","href":"https:\/\/api.w.org\/{rel}","templated":true}]}}