{"id":5082,"date":"2024-10-27T23:36:47","date_gmt":"2024-10-27T12:36:47","guid":{"rendered":"https:\/\/wordpress.temp.irap-dev.org\/event-summary-walk21-conference-in-portugal-2024\/"},"modified":"2024-10-27T23:36:47","modified_gmt":"2024-10-27T12:36:47","slug":"event-summary-walk21-conference-in-portugal-2024","status":"publish","type":"post","link":"https:\/\/irap.org\/es\/event-summary-walk21-conference-in-portugal-2024\/","title":{"rendered":"Resumen del evento: Conferencia Walk21 en Portugal 2024"},"content":{"rendered":"<p>En octubre de 2024, el coordinador del proyecto iRAP <a href=\"https:\/\/www.linkedin.com\/in\/slucchesi\/\">Shanna Lucchesi<\/a>\u00a0Asist\u00ed a la Conferencia Walk 21 en Lisboa, Portugal.<\/p>\n<p>El <a href=\"https:\/\/walk21.com\/\">Fundaci\u00f3n Walk21<\/a> La conferencia anual re\u00fane a expertos, defensores y legisladores para debatir sobre los beneficios de caminar. Caminar es fundamental para la movilidad urbana, por lo que es vital garantizar que nuestras calles est\u00e9n dise\u00f1adas para las personas: seguras, accesibles e inclusivas para todos.<\/p>\n<p>Shanna present\u00f3 su trabajo en tres sesiones:<\/p>\n<ul>\n<li>TS3 <a href=\"https:\/\/virtual.oxfordabstracts.com\/event\/36224\/submission\/228\">Seguridad peatonal: evaluaci\u00f3n, planificaci\u00f3n y dise\u00f1o<\/a><\/li>\n<li>Refugio seguro: Viajes escolares seguros\u2018<a href=\"https:\/\/virtual.oxfordabstracts.com\/event\/36224\/submission\/360\">Mu\u00e9strame el camino (Versi\u00f3n 2): Metodolog\u00eda a nivel nacional para identificar riesgos de seguridad vial en torno a las escuelas y priorizar las inversiones.\u2019<\/a><\/li>\n<li>\u00bfMejorar la seguridad? \u00a1Diga S\u00cd!<\/li>\n<\/ul>\n<p>A lo largo de estas tres sesiones, Shanna pudo profundizar en las herramientas iRAP para evaluar la seguridad vial de los peatones, analizar c\u00f3mo podemos aprovechar el big data para priorizar las intervenciones y c\u00f3mo podemos involucrar a los j\u00f3venes para que aboguen por carreteras m\u00e1s seguras.<\/p>\n<p>Las principales conclusiones que Shanna extrajo del evento son las siguientes:<\/p>\n<p>1) La importancia de la evaluaci\u00f3n sistem\u00e1tica para informar a todos los responsables de la toma de decisiones en la cadena de poder sobre c\u00f3mo actuar. Esto es particularmente importante en las ciudades, donde muchos departamentos pueden intervenir para modificar el entorno vial.<\/p>\n<p>2) En conferencias anteriores, pude observar la evoluci\u00f3n de las pol\u00edticas espec\u00edficas y las estrategias para caminar. La seguridad sigue siendo un objetivo crucial de estas pol\u00edticas, junto con la inclusi\u00f3n y la felicidad.<\/p>\n<p>3) Los datos siguen siendo una barrera. Todav\u00eda no contamos con fuentes fiables sobre la infraestructura de aceras en toda la red ni sobre los flujos peatonales.<\/p>\n<p>4) Durante el taller de YEA, analizamos diversas aplicaciones de la app, m\u00e1s all\u00e1 del uso tradicional combinado con Star Rating for Schools. Una aplicaci\u00f3n interesante es la selecci\u00f3n de rutas para autobuses peatonales. Los datos de la app pueden ayudar a comprender d\u00f3nde se sienten m\u00e1s seguros los estudiantes al caminar.<\/p>\n<p>Fue asombroso ver presentaciones repletas de buenos ejemplos, desde pol\u00edticas hasta implementaciones, sobre c\u00f3mo lograr que los peatones de todo tipo de movilidad recuperen espacio en las ciudades, as\u00ed como discursos pol\u00edticos.<\/p>\n<p>Desde la perspectiva de la seguridad vial, sabemos c\u00f3mo garantizar la seguridad de los peatones. La clave reside en la velocidad, la visibilidad y la accesibilidad. Comenzando con intervenciones puntuales en los alrededores de las escuelas, podemos llegar a una planificaci\u00f3n a nivel nacional que priorice a los peatones y reduzca las muertes. Los nuevos desaf\u00edos, especialmente los relacionados con la movilidad ligera, tambi\u00e9n ofrecen nuevas oportunidades para lograr que la infraestructura urbana sea m\u00e1s sostenible e inclusiva.<\/p>\n<p>iRAP dispone de herramientas y m\u00e9todos para respaldar estas oportunidades.<\/p>\n<ul>\n<li>Obt\u00e9n m\u00e1s informaci\u00f3n en la aplicaci\u00f3n de participaci\u00f3n juvenil.<a href=\"https:\/\/starratingforschools.org\/youth-engagement-app\/\"> aqu\u00ed<\/a><\/li>\n<li>Obt\u00e9n m\u00e1s informaci\u00f3n sobre nuestro programa Star Rating for Schools. <a href=\"https:\/\/starratingforschools.org\/\">aqu\u00ed<\/a><\/li>\n<li>Obtenga m\u00e1s informaci\u00f3n sobre nuestras herramientas RAP. <a href=\"https:\/\/irap.org\/es\/rap-tools\/\">aqu\u00ed<\/a><\/li>\n<li>Obtenga m\u00e1s informaci\u00f3n sobre iRAP y sus socios. Proyectos e iniciativas de innovaci\u00f3n. <a href=\"https:\/\/irap.org\/es\/innovation\/\">aqu\u00ed<\/a><\/li>\n<\/ul>\n<p><img decoding=\"async\" src=\"https:\/\/irap.org\/wp-content\/uploads\/2024\/10\/Shanna-presenting-at-Walk21-Portugal-24.png\" alt=\"Shanna-presenting-at-Walk21-Portugal-24\" \/><img decoding=\"async\" src=\"https:\/\/irap.org\/wp-content\/uploads\/2024\/10\/YEA-presentation-at-Walk21-Portugal-24.png\" alt=\"YEA-presentation-at-Walk21-Portugal-24\" \/><\/p>","protected":false},"excerpt":{"rendered":"<p>In October 2024, iRAP\u2019s Project Coordinator Shanna Lucchesi\u00a0attended the Walk 21 Conference in Lisbon, Portugal. The Walk21 Foundation annual conference is where experts, advocates, and policymakers discuss the benefits of walking. Walking is essential to urban mobility, so it\u2019s vital to ensure that our streets are designed for people\u2014safe, accessible, and inclusive for everyone. Shanna [&hellip;]<\/p>\n","protected":false},"author":2,"featured_media":5083,"comment_status":"closed","ping_status":"open","sticky":false,"template":"","format":"standard","meta":{"_acf_changed":false,"inline_featured_image":false,"footnotes":""},"categories":[28,825],"tags":[169,826,201,622],"class_list":["post-5082","post","type-post","status-publish","format-standard","has-post-thumbnail","hentry","category-global-news","category-star-rating-for-schools-youth-engagement-app","tag-europe","tag-pedestrians","tag-sr4s","tag-yea"],"acf":[],"yoast_head":"<!-- This site is optimized with the Yoast SEO Premium plugin v27.8 (Yoast SEO v28.2) - https:\/\/yoast.com\/product\/yoast-seo-premium-wordpress\/ -->\n<title>Event Summary: Walk21 Conference in Portugal 2024 - iRAP<\/title>\n<meta name=\"robots\" content=\"index, follow, max-snippet:-1, max-image-preview:large, max-video-preview:-1\" \/>\n<link rel=\"canonical\" href=\"https:\/\/irap.org\/es\/event-summary-walk21-conference-in-portugal-2024\/\" \/>\n<meta property=\"og:locale\" content=\"es_ES\" \/>\n<meta property=\"og:type\" content=\"article\" \/>\n<meta property=\"og:title\" content=\"Event Summary: Walk21 Conference in Portugal 2024\" \/>\n<meta property=\"og:description\" content=\"In October 2024, iRAP\u2019s Project Coordinator Shanna Lucchesi\u00a0attended the Walk 21 Conference in Lisbon, Portugal. The Walk21 Foundation annual conference is where experts, advocates, and policymakers discuss the benefits of walking. Walking is essential to urban mobility, so it\u2019s vital to ensure that our streets are designed for people\u2014safe, accessible, and inclusive for everyone. Shanna [&hellip;]\" \/>\n<meta property=\"og:url\" content=\"https:\/\/irap.org\/es\/event-summary-walk21-conference-in-portugal-2024\/\" \/>\n<meta property=\"og:site_name\" content=\"iRAP\" \/>\n<meta property=\"article:publisher\" content=\"https:\/\/www.facebook.com\/iRAPfb\" \/>\n<meta property=\"article:published_time\" content=\"2024-10-27T12:36:47+00:00\" \/>\n<meta property=\"og:image\" content=\"https:\/\/irap.org\/wp-content\/uploads\/2026\/04\/YEA-team-at-Walk21-Portugal-24.png\" \/>\n\t<meta property=\"og:image:width\" content=\"2048\" \/>\n\t<meta property=\"og:image:height\" content=\"1536\" \/>\n\t<meta property=\"og:image:type\" content=\"image\/png\" \/>\n<meta name=\"author\" content=\"briarlea\" \/>\n<meta name=\"twitter:card\" content=\"summary_large_image\" \/>\n<meta name=\"twitter:creator\" content=\"@irapsavinglives\" \/>\n<meta name=\"twitter:site\" content=\"@irapsavinglives\" \/>\n<meta name=\"twitter:label1\" content=\"Escrito por\" \/>\n\t<meta name=\"twitter:data1\" content=\"briarlea\" \/>\n\t<meta name=\"twitter:label2\" content=\"Tiempo de lectura\" \/>\n\t<meta name=\"twitter:data2\" content=\"2 minutos\" \/>\n<script type=\"application\/ld+json\" class=\"yoast-schema-graph\">{\"@context\":\"https:\\\/\\\/schema.org\",\"@graph\":[{\"@type\":\"Article\",\"@id\":\"https:\\\/\\\/irap.org\\\/event-summary-walk21-conference-in-portugal-2024\\\/#article\",\"isPartOf\":{\"@id\":\"https:\\\/\\\/irap.org\\\/event-summary-walk21-conference-in-portugal-2024\\\/\"},\"author\":{\"name\":\"briarlea\",\"@id\":\"https:\\\/\\\/irap.org\\\/#\\\/schema\\\/person\\\/9122544646907724988e3118c6bfaa5b\"},\"headline\":\"Event Summary: Walk21 Conference in Portugal 2024\",\"datePublished\":\"2024-10-27T12:36:47+00:00\",\"mainEntityOfPage\":{\"@id\":\"https:\\\/\\\/irap.org\\\/event-summary-walk21-conference-in-portugal-2024\\\/\"},\"wordCount\":408,\"publisher\":{\"@id\":\"https:\\\/\\\/irap.org\\\/#organization\"},\"image\":{\"@id\":\"https:\\\/\\\/irap.org\\\/event-summary-walk21-conference-in-portugal-2024\\\/#primaryimage\"},\"thumbnailUrl\":\"https:\\\/\\\/irap.org\\\/wp-content\\\/uploads\\\/2026\\\/04\\\/YEA-team-at-Walk21-Portugal-24.png\",\"keywords\":[\"Europe\",\"Pedestrians\",\"sr4s\",\"Yea\"],\"articleSection\":[\"Global News\",\"Star Rating for Schools &amp; Youth Engagement App\"],\"inLanguage\":\"es-CO\"},{\"@type\":\"WebPage\",\"@id\":\"https:\\\/\\\/irap.org\\\/event-summary-walk21-conference-in-portugal-2024\\\/\",\"url\":\"https:\\\/\\\/irap.org\\\/event-summary-walk21-conference-in-portugal-2024\\\/\",\"name\":\"Event Summary: Walk21 Conference in Portugal 2024 - iRAP\",\"isPartOf\":{\"@id\":\"https:\\\/\\\/irap.org\\\/#website\"},\"primaryImageOfPage\":{\"@id\":\"https:\\\/\\\/irap.org\\\/event-summary-walk21-conference-in-portugal-2024\\\/#primaryimage\"},\"image\":{\"@id\":\"https:\\\/\\\/irap.org\\\/event-summary-walk21-conference-in-portugal-2024\\\/#primaryimage\"},\"thumbnailUrl\":\"https:\\\/\\\/irap.org\\\/wp-content\\\/uploads\\\/2026\\\/04\\\/YEA-team-at-Walk21-Portugal-24.png\",\"datePublished\":\"2024-10-27T12:36:47+00:00\",\"breadcrumb\":{\"@id\":\"https:\\\/\\\/irap.org\\\/event-summary-walk21-conference-in-portugal-2024\\\/#breadcrumb\"},\"inLanguage\":\"es-CO\",\"potentialAction\":[{\"@type\":\"ReadAction\",\"target\":[\"https:\\\/\\\/irap.org\\\/event-summary-walk21-conference-in-portugal-2024\\\/\"]}]},{\"@type\":\"ImageObject\",\"inLanguage\":\"es-CO\",\"@id\":\"https:\\\/\\\/irap.org\\\/event-summary-walk21-conference-in-portugal-2024\\\/#primaryimage\",\"url\":\"https:\\\/\\\/irap.org\\\/wp-content\\\/uploads\\\/2026\\\/04\\\/YEA-team-at-Walk21-Portugal-24.png\",\"contentUrl\":\"https:\\\/\\\/irap.org\\\/wp-content\\\/uploads\\\/2026\\\/04\\\/YEA-team-at-Walk21-Portugal-24.png\",\"width\":2048,\"height\":1536},{\"@type\":\"BreadcrumbList\",\"@id\":\"https:\\\/\\\/irap.org\\\/event-summary-walk21-conference-in-portugal-2024\\\/#breadcrumb\",\"itemListElement\":[{\"@type\":\"ListItem\",\"position\":1,\"name\":\"Global News\",\"item\":\"https:\\\/\\\/irap.org\\\/category\\\/global-news\\\/\"},{\"@type\":\"ListItem\",\"position\":2,\"name\":\"Event Summary: Walk21 Conference in Portugal 2024\"}]},{\"@type\":\"WebSite\",\"@id\":\"https:\\\/\\\/irap.org\\\/#website\",\"url\":\"https:\\\/\\\/irap.org\\\/\",\"name\":\"iRAP\",\"description\":\"\",\"publisher\":{\"@id\":\"https:\\\/\\\/irap.org\\\/#organization\"},\"potentialAction\":[{\"@type\":\"SearchAction\",\"target\":{\"@type\":\"EntryPoint\",\"urlTemplate\":\"https:\\\/\\\/irap.org\\\/?s={search_term_string}\"},\"query-input\":{\"@type\":\"PropertyValueSpecification\",\"valueRequired\":true,\"valueName\":\"search_term_string\"}}],\"inLanguage\":\"es-CO\"},{\"@type\":\"Organization\",\"@id\":\"https:\\\/\\\/irap.org\\\/#organization\",\"name\":\"iRAP\",\"url\":\"https:\\\/\\\/irap.org\\\/\",\"logo\":{\"@type\":\"ImageObject\",\"inLanguage\":\"es-CO\",\"@id\":\"https:\\\/\\\/irap.org\\\/#\\\/schema\\\/logo\\\/image\\\/\",\"url\":\"https:\\\/\\\/irap.org\\\/wp-content\\\/uploads\\\/2026\\\/01\\\/Logo.svg\",\"contentUrl\":\"https:\\\/\\\/irap.org\\\/wp-content\\\/uploads\\\/2026\\\/01\\\/Logo.svg\",\"width\":112,\"height\":48,\"caption\":\"iRAP\"},\"image\":{\"@id\":\"https:\\\/\\\/irap.org\\\/#\\\/schema\\\/logo\\\/image\\\/\"},\"sameAs\":[\"https:\\\/\\\/www.facebook.com\\\/iRAPfb\",\"https:\\\/\\\/x.com\\\/irapsavinglives\",\"https:\\\/\\\/www.linkedin.com\\\/company\\\/irap\\\/\"],\"description\":\"The International Road Assessment Programme (iRAP) is a global charity dedicated to eliminating high\u2011risk roads and saving lives. We provide world-leading methodologies and tools for measuring and managing road infrastructure safety, and we work in partnership with governments, road authorities, development banks, research institutions, and civil society to make the world\u2019s roads safer for everyone.\",\"email\":\"icanhelp@irap.org\",\"legalName\":\"International Road Assessment Programme\",\"vatID\":\"GB 944 6050 25\",\"numberOfEmployees\":{\"@type\":\"QuantitativeValue\",\"minValue\":\"11\",\"maxValue\":\"50\"}},{\"@type\":\"Person\",\"@id\":\"https:\\\/\\\/irap.org\\\/#\\\/schema\\\/person\\\/9122544646907724988e3118c6bfaa5b\",\"name\":\"briarlea\",\"image\":{\"@type\":\"ImageObject\",\"inLanguage\":\"es-CO\",\"@id\":\"https:\\\/\\\/secure.gravatar.com\\\/avatar\\\/437db38ec614bdc69e15c67310b82dbf7fcde1bd39e876647099bb596ca0680c?s=96&d=mm&r=g\",\"url\":\"https:\\\/\\\/secure.gravatar.com\\\/avatar\\\/437db38ec614bdc69e15c67310b82dbf7fcde1bd39e876647099bb596ca0680c?s=96&d=mm&r=g\",\"contentUrl\":\"https:\\\/\\\/secure.gravatar.com\\\/avatar\\\/437db38ec614bdc69e15c67310b82dbf7fcde1bd39e876647099bb596ca0680c?s=96&d=mm&r=g\",\"caption\":\"briarlea\"},\"url\":\"https:\\\/\\\/irap.org\\\/es\\\/author\\\/briarlea\\\/\"}]}<\/script>\n<!-- \/ Yoast SEO Premium plugin. -->","yoast_head_json":{"title":"Event Summary: Walk21 Conference in Portugal 2024 - iRAP","robots":{"index":"index","follow":"follow","max-snippet":"max-snippet:-1","max-image-preview":"max-image-preview:large","max-video-preview":"max-video-preview:-1"},"canonical":"https:\/\/irap.org\/es\/event-summary-walk21-conference-in-portugal-2024\/","og_locale":"es_ES","og_type":"article","og_title":"Event Summary: Walk21 Conference in Portugal 2024","og_description":"In October 2024, iRAP\u2019s Project Coordinator Shanna Lucchesi\u00a0attended the Walk 21 Conference in Lisbon, Portugal. The Walk21 Foundation annual conference is where experts, advocates, and policymakers discuss the benefits of walking. Walking is essential to urban mobility, so it\u2019s vital to ensure that our streets are designed for people\u2014safe, accessible, and inclusive for everyone. Shanna [&hellip;]","og_url":"https:\/\/irap.org\/es\/event-summary-walk21-conference-in-portugal-2024\/","og_site_name":"iRAP","article_publisher":"https:\/\/www.facebook.com\/iRAPfb","article_published_time":"2024-10-27T12:36:47+00:00","og_image":[{"width":2048,"height":1536,"url":"https:\/\/irap.org\/wp-content\/uploads\/2026\/04\/YEA-team-at-Walk21-Portugal-24.png","type":"image\/png"}],"author":"briarlea","twitter_card":"summary_large_image","twitter_creator":"@irapsavinglives","twitter_site":"@irapsavinglives","twitter_misc":{"Escrito por":"briarlea","Tiempo de lectura":"2 minutos"},"schema":{"@context":"https:\/\/schema.org","@graph":[{"@type":"Article","@id":"https:\/\/irap.org\/event-summary-walk21-conference-in-portugal-2024\/#article","isPartOf":{"@id":"https:\/\/irap.org\/event-summary-walk21-conference-in-portugal-2024\/"},"author":{"name":"briarlea","@id":"https:\/\/irap.org\/#\/schema\/person\/9122544646907724988e3118c6bfaa5b"},"headline":"Event Summary: Walk21 Conference in Portugal 2024","datePublished":"2024-10-27T12:36:47+00:00","mainEntityOfPage":{"@id":"https:\/\/irap.org\/event-summary-walk21-conference-in-portugal-2024\/"},"wordCount":408,"publisher":{"@id":"https:\/\/irap.org\/#organization"},"image":{"@id":"https:\/\/irap.org\/event-summary-walk21-conference-in-portugal-2024\/#primaryimage"},"thumbnailUrl":"https:\/\/irap.org\/wp-content\/uploads\/2026\/04\/YEA-team-at-Walk21-Portugal-24.png","keywords":["Europe","Pedestrians","sr4s","Yea"],"articleSection":["Global News","Star Rating for Schools &amp; Youth Engagement App"],"inLanguage":"es-CO"},{"@type":"WebPage","@id":"https:\/\/irap.org\/event-summary-walk21-conference-in-portugal-2024\/","url":"https:\/\/irap.org\/event-summary-walk21-conference-in-portugal-2024\/","name":"Event Summary: Walk21 Conference in Portugal 2024 - iRAP","isPartOf":{"@id":"https:\/\/irap.org\/#website"},"primaryImageOfPage":{"@id":"https:\/\/irap.org\/event-summary-walk21-conference-in-portugal-2024\/#primaryimage"},"image":{"@id":"https:\/\/irap.org\/event-summary-walk21-conference-in-portugal-2024\/#primaryimage"},"thumbnailUrl":"https:\/\/irap.org\/wp-content\/uploads\/2026\/04\/YEA-team-at-Walk21-Portugal-24.png","datePublished":"2024-10-27T12:36:47+00:00","breadcrumb":{"@id":"https:\/\/irap.org\/event-summary-walk21-conference-in-portugal-2024\/#breadcrumb"},"inLanguage":"es-CO","potentialAction":[{"@type":"ReadAction","target":["https:\/\/irap.org\/event-summary-walk21-conference-in-portugal-2024\/"]}]},{"@type":"ImageObject","inLanguage":"es-CO","@id":"https:\/\/irap.org\/event-summary-walk21-conference-in-portugal-2024\/#primaryimage","url":"https:\/\/irap.org\/wp-content\/uploads\/2026\/04\/YEA-team-at-Walk21-Portugal-24.png","contentUrl":"https:\/\/irap.org\/wp-content\/uploads\/2026\/04\/YEA-team-at-Walk21-Portugal-24.png","width":2048,"height":1536},{"@type":"BreadcrumbList","@id":"https:\/\/irap.org\/event-summary-walk21-conference-in-portugal-2024\/#breadcrumb","itemListElement":[{"@type":"ListItem","position":1,"name":"Global News","item":"https:\/\/irap.org\/category\/global-news\/"},{"@type":"ListItem","position":2,"name":"Event Summary: Walk21 Conference in Portugal 2024"}]},{"@type":"WebSite","@id":"https:\/\/irap.org\/#website","url":"https:\/\/irap.org\/","name":"iRAP","description":"","publisher":{"@id":"https:\/\/irap.org\/#organization"},"potentialAction":[{"@type":"SearchAction","target":{"@type":"EntryPoint","urlTemplate":"https:\/\/irap.org\/?s={search_term_string}"},"query-input":{"@type":"PropertyValueSpecification","valueRequired":true,"valueName":"search_term_string"}}],"inLanguage":"es-CO"},{"@type":"Organization","@id":"https:\/\/irap.org\/#organization","name":"iRAP","url":"https:\/\/irap.org\/","logo":{"@type":"ImageObject","inLanguage":"es-CO","@id":"https:\/\/irap.org\/#\/schema\/logo\/image\/","url":"https:\/\/irap.org\/wp-content\/uploads\/2026\/01\/Logo.svg","contentUrl":"https:\/\/irap.org\/wp-content\/uploads\/2026\/01\/Logo.svg","width":112,"height":48,"caption":"iRAP"},"image":{"@id":"https:\/\/irap.org\/#\/schema\/logo\/image\/"},"sameAs":["https:\/\/www.facebook.com\/iRAPfb","https:\/\/x.com\/irapsavinglives","https:\/\/www.linkedin.com\/company\/irap\/"],"description":"The International Road Assessment Programme (iRAP) is a global charity dedicated to eliminating high\u2011risk roads and saving lives. We provide world-leading methodologies and tools for measuring and managing road infrastructure safety, and we work in partnership with governments, road authorities, development banks, research institutions, and civil society to make the world\u2019s roads safer for everyone.","email":"icanhelp@irap.org","legalName":"International Road Assessment Programme","vatID":"GB 944 6050 25","numberOfEmployees":{"@type":"QuantitativeValue","minValue":"11","maxValue":"50"}},{"@type":"Person","@id":"https:\/\/irap.org\/#\/schema\/person\/9122544646907724988e3118c6bfaa5b","name":"briarlea","image":{"@type":"ImageObject","inLanguage":"es-CO","@id":"https:\/\/secure.gravatar.com\/avatar\/437db38ec614bdc69e15c67310b82dbf7fcde1bd39e876647099bb596ca0680c?s=96&d=mm&r=g","url":"https:\/\/secure.gravatar.com\/avatar\/437db38ec614bdc69e15c67310b82dbf7fcde1bd39e876647099bb596ca0680c?s=96&d=mm&r=g","contentUrl":"https:\/\/secure.gravatar.com\/avatar\/437db38ec614bdc69e15c67310b82dbf7fcde1bd39e876647099bb596ca0680c?s=96&d=mm&r=g","caption":"briarlea"},"url":"https:\/\/irap.org\/es\/author\/briarlea\/"}]}},"_links":{"self":[{"href":"https:\/\/irap.org\/es\/wp-json\/wp\/v2\/posts\/5082","targetHints":{"allow":["GET"]}}],"collection":[{"href":"https:\/\/irap.org\/es\/wp-json\/wp\/v2\/posts"}],"about":[{"href":"https:\/\/irap.org\/es\/wp-json\/wp\/v2\/types\/post"}],"author":[{"embeddable":true,"href":"https:\/\/irap.org\/es\/wp-json\/wp\/v2\/users\/2"}],"replies":[{"embeddable":true,"href":"https:\/\/irap.org\/es\/wp-json\/wp\/v2\/comments?post=5082"}],"version-history":[{"count":0,"href":"https:\/\/irap.org\/es\/wp-json\/wp\/v2\/posts\/5082\/revisions"}],"wp:featuredmedia":[{"embeddable":true,"href":"https:\/\/irap.org\/es\/wp-json\/wp\/v2\/media\/5083"}],"wp:attachment":[{"href":"https:\/\/irap.org\/es\/wp-json\/wp\/v2\/media?parent=5082"}],"wp:term":[{"taxonomy":"category","embeddable":true,"href":"https:\/\/irap.org\/es\/wp-json\/wp\/v2\/categories?post=5082"},{"taxonomy":"post_tag","embeddable":true,"href":"https:\/\/irap.org\/es\/wp-json\/wp\/v2\/tags?post=5082"}],"curies":[{"name":"wp","href":"https:\/\/api.w.org\/{rel}","templated":true}]}}