{"id":4881,"date":"2024-07-15T05:37:36","date_gmt":"2024-07-14T19:37:36","guid":{"rendered":"https:\/\/wordpress.temp.irap-dev.org\/cyclerap-receives-honorable-mention-in-the-promoting-mobility-by-bicycle-in-brazil-2024-award\/"},"modified":"2026-05-05T11:27:12","modified_gmt":"2026-05-05T01:27:12","slug":"cyclerap-receives-honorable-mention-in-the-promoting-mobility-by-bicycle-in-brazil-2024-award","status":"publish","type":"post","link":"https:\/\/irap.org\/es\/cyclerap-receives-honorable-mention-in-the-promoting-mobility-by-bicycle-in-brazil-2024-award\/","title":{"rendered":"CycleRAP recibe una menci\u00f3n honor\u00edfica en el premio &quot;Promoci\u00f3n de la movilidad en bicicleta en Brasil 2024&quot;."},"content":{"rendered":"<p>The CycleRAP International Pilot Project has just received an Honorable Mention in the Data Collection and Research category at the Promoting Mobility by Bicycle in Brazil 2024 Award. Our CycleRAP partner Fl\u00e1vio Soares, Project manager at <a href=\"https:\/\/www.ciclocidade.org.br\/\">Ciclocidade<\/a> will officially accept the award at the <a href=\"https:\/\/rodasdapaz.org.br\/salve-o-planeta-pedale\/\">13th World Bicycle Forum\u00a0and\u00a011th Bicicultura.<\/a><\/p>\n<p>In its eleventh edition, the \u201cPromoting Mobility by Bicycle\u201d award once again selected excellent Brazilian initiatives in favor of the use of bicycles.<\/p>\n<p><strong>Need more information on this award and CycleRAP?<\/strong><\/p>\n<ul>\n<li>Read more here <a href=\"http:\/\/transporteativo.org.br\/ta\/\">http:\/\/transporteativo.org.br\/ta\/<\/a> (in Portuguese)<\/li>\n<li>Download the CycleRAP Pilot in 5 cities full report <a href=\"https:\/\/resources.irap.org\/Key-documents\/CycleRAP_Pilot_in_5_cities_full_report.pdf\">aqu\u00ed<\/a><\/li>\n<li>Read more on Ciclocidade&#8217;s involvement <a href=\"https:\/\/irap.org\/es\/2023\/10\/cyclerap-news-crowdsourcing-cycling-safety-data-in-one-of-latin-americas-largest-cities\/\">aqu\u00ed\u00a0<\/a><\/li>\n<li>Find out more information on CycleRAP <a href=\"https:\/\/irap.org\/es\/cyclerap\/\">aqu\u00ed<\/a><\/li>\n<\/ul>\n<p>The Project was supported by Fundaci\u00f3n Mapfre, in collaboration with UCI and PTV; local partners Ciclocidade, Experience Fayetteville and Secretar\u00eda Distrital de Movilidad de Bogota; and two official CycleRAP suppliers Factual and FPZ.&#8221;<\/p>\n<p>&nbsp;<\/p>","protected":false},"excerpt":{"rendered":"<p>The CycleRAP International Pilot Project has just received an Honorable Mention in the Data Collection and Research category at the Promoting Mobility by Bicycle in Brazil 2024 Award. Our CycleRAP partner Fl\u00e1vio Soares, Project manager at Ciclocidade will officially accept the award at the 13th World Bicycle Forum\u00a0and\u00a011th Bicicultura. In its eleventh edition, the \u201cPromoting [&hellip;]<\/p>\n","protected":false},"author":2,"featured_media":4882,"comment_status":"closed","ping_status":"open","sticky":false,"template":"","format":"standard","meta":{"_acf_changed":false,"inline_featured_image":false,"footnotes":""},"categories":[28,130,1005],"tags":[685,300,54],"class_list":["post-4881","post","type-post","status-publish","format-standard","has-post-thumbnail","hentry","category-global-news","category-cyclerap","category-awards","tag-awards","tag-cyclerap","tag-lac"],"acf":[],"yoast_head":"<!-- This site is optimized with the Yoast SEO Premium plugin v27.8 (Yoast SEO v28.2) - https:\/\/yoast.com\/product\/yoast-seo-premium-wordpress\/ -->\n<title>CycleRAP receives Honorable Mention in the Promoting Mobility by Bicycle in Brazil 2024 award - iRAP<\/title>\n<meta name=\"robots\" content=\"index, follow, max-snippet:-1, max-image-preview:large, max-video-preview:-1\" \/>\n<link rel=\"canonical\" href=\"https:\/\/irap.org\/es\/cyclerap-receives-honorable-mention-in-the-promoting-mobility-by-bicycle-in-brazil-2024-award\/\" \/>\n<meta property=\"og:locale\" content=\"es_ES\" \/>\n<meta property=\"og:type\" content=\"article\" \/>\n<meta property=\"og:title\" content=\"CycleRAP receives Honorable Mention in the Promoting Mobility by Bicycle in Brazil 2024 award\" \/>\n<meta property=\"og:description\" content=\"The CycleRAP International Pilot Project has just received an Honorable Mention in the Data Collection and Research category at the Promoting Mobility by Bicycle in Brazil 2024 Award. Our CycleRAP partner Fl\u00e1vio Soares, Project manager at Ciclocidade will officially accept the award at the 13th World Bicycle Forum\u00a0and\u00a011th Bicicultura. In its eleventh edition, the \u201cPromoting [&hellip;]\" \/>\n<meta property=\"og:url\" content=\"https:\/\/irap.org\/es\/cyclerap-receives-honorable-mention-in-the-promoting-mobility-by-bicycle-in-brazil-2024-award\/\" \/>\n<meta property=\"og:site_name\" content=\"iRAP\" \/>\n<meta property=\"article:publisher\" content=\"https:\/\/www.facebook.com\/iRAPfb\" \/>\n<meta property=\"article:published_time\" content=\"2024-07-14T19:37:36+00:00\" \/>\n<meta property=\"article:modified_time\" content=\"2026-05-05T01:27:12+00:00\" \/>\n<meta property=\"og:image\" content=\"https:\/\/irap.org\/wp-content\/uploads\/2026\/04\/CycleRAP-hon-mention.png\" \/>\n\t<meta property=\"og:image:width\" content=\"1065\" \/>\n\t<meta property=\"og:image:height\" content=\"370\" \/>\n\t<meta property=\"og:image:type\" content=\"image\/png\" \/>\n<meta name=\"author\" content=\"briarlea\" \/>\n<meta name=\"twitter:card\" content=\"summary_large_image\" \/>\n<meta name=\"twitter:creator\" content=\"@irapsavinglives\" \/>\n<meta name=\"twitter:site\" content=\"@irapsavinglives\" \/>\n<meta name=\"twitter:label1\" content=\"Escrito por\" \/>\n\t<meta name=\"twitter:data1\" content=\"briarlea\" \/>\n\t<meta name=\"twitter:label2\" content=\"Tiempo de lectura\" \/>\n\t<meta name=\"twitter:data2\" content=\"1 minuto\" \/>\n<script type=\"application\/ld+json\" class=\"yoast-schema-graph\">{\"@context\":\"https:\\\/\\\/schema.org\",\"@graph\":[{\"@type\":\"Article\",\"@id\":\"https:\\\/\\\/irap.org\\\/nl\\\/cyclerap-receives-honorable-mention-in-the-promoting-mobility-by-bicycle-in-brazil-2024-award\\\/#article\",\"isPartOf\":{\"@id\":\"https:\\\/\\\/irap.org\\\/nl\\\/cyclerap-receives-honorable-mention-in-the-promoting-mobility-by-bicycle-in-brazil-2024-award\\\/\"},\"author\":{\"name\":\"briarlea\",\"@id\":\"https:\\\/\\\/irap.org\\\/#\\\/schema\\\/person\\\/9122544646907724988e3118c6bfaa5b\"},\"headline\":\"CycleRAP receives Honorable Mention in the Promoting Mobility by Bicycle in Brazil 2024 award\",\"datePublished\":\"2024-07-14T19:37:36+00:00\",\"dateModified\":\"2026-05-05T01:27:12+00:00\",\"mainEntityOfPage\":{\"@id\":\"https:\\\/\\\/irap.org\\\/nl\\\/cyclerap-receives-honorable-mention-in-the-promoting-mobility-by-bicycle-in-brazil-2024-award\\\/\"},\"wordCount\":164,\"publisher\":{\"@id\":\"https:\\\/\\\/irap.org\\\/#organization\"},\"image\":{\"@id\":\"https:\\\/\\\/irap.org\\\/nl\\\/cyclerap-receives-honorable-mention-in-the-promoting-mobility-by-bicycle-in-brazil-2024-award\\\/#primaryimage\"},\"thumbnailUrl\":\"https:\\\/\\\/irap.org\\\/wp-content\\\/uploads\\\/2026\\\/04\\\/CycleRAP-hon-mention.png\",\"keywords\":[\"awards\",\"CycleRAP\",\"LAC\"],\"articleSection\":[\"Global News\",\"CycleRAP\",\"Awards\"],\"inLanguage\":\"es-CO\"},{\"@type\":\"WebPage\",\"@id\":\"https:\\\/\\\/irap.org\\\/nl\\\/cyclerap-receives-honorable-mention-in-the-promoting-mobility-by-bicycle-in-brazil-2024-award\\\/\",\"url\":\"https:\\\/\\\/irap.org\\\/nl\\\/cyclerap-receives-honorable-mention-in-the-promoting-mobility-by-bicycle-in-brazil-2024-award\\\/\",\"name\":\"CycleRAP receives Honorable Mention in the Promoting Mobility by Bicycle in Brazil 2024 award - iRAP\",\"isPartOf\":{\"@id\":\"https:\\\/\\\/irap.org\\\/#website\"},\"primaryImageOfPage\":{\"@id\":\"https:\\\/\\\/irap.org\\\/nl\\\/cyclerap-receives-honorable-mention-in-the-promoting-mobility-by-bicycle-in-brazil-2024-award\\\/#primaryimage\"},\"image\":{\"@id\":\"https:\\\/\\\/irap.org\\\/nl\\\/cyclerap-receives-honorable-mention-in-the-promoting-mobility-by-bicycle-in-brazil-2024-award\\\/#primaryimage\"},\"thumbnailUrl\":\"https:\\\/\\\/irap.org\\\/wp-content\\\/uploads\\\/2026\\\/04\\\/CycleRAP-hon-mention.png\",\"datePublished\":\"2024-07-14T19:37:36+00:00\",\"dateModified\":\"2026-05-05T01:27:12+00:00\",\"breadcrumb\":{\"@id\":\"https:\\\/\\\/irap.org\\\/nl\\\/cyclerap-receives-honorable-mention-in-the-promoting-mobility-by-bicycle-in-brazil-2024-award\\\/#breadcrumb\"},\"inLanguage\":\"es-CO\",\"potentialAction\":[{\"@type\":\"ReadAction\",\"target\":[\"https:\\\/\\\/irap.org\\\/nl\\\/cyclerap-receives-honorable-mention-in-the-promoting-mobility-by-bicycle-in-brazil-2024-award\\\/\"]}]},{\"@type\":\"ImageObject\",\"inLanguage\":\"es-CO\",\"@id\":\"https:\\\/\\\/irap.org\\\/nl\\\/cyclerap-receives-honorable-mention-in-the-promoting-mobility-by-bicycle-in-brazil-2024-award\\\/#primaryimage\",\"url\":\"https:\\\/\\\/irap.org\\\/wp-content\\\/uploads\\\/2026\\\/04\\\/CycleRAP-hon-mention.png\",\"contentUrl\":\"https:\\\/\\\/irap.org\\\/wp-content\\\/uploads\\\/2026\\\/04\\\/CycleRAP-hon-mention.png\",\"width\":1065,\"height\":370},{\"@type\":\"BreadcrumbList\",\"@id\":\"https:\\\/\\\/irap.org\\\/nl\\\/cyclerap-receives-honorable-mention-in-the-promoting-mobility-by-bicycle-in-brazil-2024-award\\\/#breadcrumb\",\"itemListElement\":[{\"@type\":\"ListItem\",\"position\":1,\"name\":\"Awards\",\"item\":\"https:\\\/\\\/irap.org\\\/nl\\\/category\\\/awards\\\/\"},{\"@type\":\"ListItem\",\"position\":2,\"name\":\"CycleRAP receives Honorable Mention in the Promoting Mobility by Bicycle in Brazil 2024 award\"}]},{\"@type\":\"WebSite\",\"@id\":\"https:\\\/\\\/irap.org\\\/#website\",\"url\":\"https:\\\/\\\/irap.org\\\/\",\"name\":\"iRAP\",\"description\":\"\",\"publisher\":{\"@id\":\"https:\\\/\\\/irap.org\\\/#organization\"},\"potentialAction\":[{\"@type\":\"SearchAction\",\"target\":{\"@type\":\"EntryPoint\",\"urlTemplate\":\"https:\\\/\\\/irap.org\\\/?s={search_term_string}\"},\"query-input\":{\"@type\":\"PropertyValueSpecification\",\"valueRequired\":true,\"valueName\":\"search_term_string\"}}],\"inLanguage\":\"es-CO\"},{\"@type\":\"Organization\",\"@id\":\"https:\\\/\\\/irap.org\\\/#organization\",\"name\":\"iRAP\",\"url\":\"https:\\\/\\\/irap.org\\\/\",\"logo\":{\"@type\":\"ImageObject\",\"inLanguage\":\"es-CO\",\"@id\":\"https:\\\/\\\/irap.org\\\/#\\\/schema\\\/logo\\\/image\\\/\",\"url\":\"https:\\\/\\\/irap.org\\\/wp-content\\\/uploads\\\/2026\\\/01\\\/Logo.svg\",\"contentUrl\":\"https:\\\/\\\/irap.org\\\/wp-content\\\/uploads\\\/2026\\\/01\\\/Logo.svg\",\"width\":112,\"height\":48,\"caption\":\"iRAP\"},\"image\":{\"@id\":\"https:\\\/\\\/irap.org\\\/#\\\/schema\\\/logo\\\/image\\\/\"},\"sameAs\":[\"https:\\\/\\\/www.facebook.com\\\/iRAPfb\",\"https:\\\/\\\/x.com\\\/irapsavinglives\",\"https:\\\/\\\/www.linkedin.com\\\/company\\\/irap\\\/\"],\"description\":\"The International Road Assessment Programme (iRAP) is a global charity dedicated to eliminating high\u2011risk roads and saving lives. We provide world-leading methodologies and tools for measuring and managing road infrastructure safety, and we work in partnership with governments, road authorities, development banks, research institutions, and civil society to make the world\u2019s roads safer for everyone.\",\"email\":\"icanhelp@irap.org\",\"legalName\":\"International Road Assessment Programme\",\"vatID\":\"GB 944 6050 25\",\"numberOfEmployees\":{\"@type\":\"QuantitativeValue\",\"minValue\":\"11\",\"maxValue\":\"50\"}},{\"@type\":\"Person\",\"@id\":\"https:\\\/\\\/irap.org\\\/#\\\/schema\\\/person\\\/9122544646907724988e3118c6bfaa5b\",\"name\":\"briarlea\",\"image\":{\"@type\":\"ImageObject\",\"inLanguage\":\"es-CO\",\"@id\":\"https:\\\/\\\/secure.gravatar.com\\\/avatar\\\/437db38ec614bdc69e15c67310b82dbf7fcde1bd39e876647099bb596ca0680c?s=96&d=mm&r=g\",\"url\":\"https:\\\/\\\/secure.gravatar.com\\\/avatar\\\/437db38ec614bdc69e15c67310b82dbf7fcde1bd39e876647099bb596ca0680c?s=96&d=mm&r=g\",\"contentUrl\":\"https:\\\/\\\/secure.gravatar.com\\\/avatar\\\/437db38ec614bdc69e15c67310b82dbf7fcde1bd39e876647099bb596ca0680c?s=96&d=mm&r=g\",\"caption\":\"briarlea\"},\"url\":\"https:\\\/\\\/irap.org\\\/es\\\/author\\\/briarlea\\\/\"}]}<\/script>\n<!-- \/ Yoast SEO Premium plugin. -->","yoast_head_json":{"title":"CycleRAP recibe una menci\u00f3n honor\u00edfica en el premio &quot;Promoci\u00f3n de la movilidad en bicicleta en Brasil 2024&quot;.","robots":{"index":"index","follow":"follow","max-snippet":"max-snippet:-1","max-image-preview":"max-image-preview:large","max-video-preview":"max-video-preview:-1"},"canonical":"https:\/\/irap.org\/es\/cyclerap-receives-honorable-mention-in-the-promoting-mobility-by-bicycle-in-brazil-2024-award\/","og_locale":"es_ES","og_type":"article","og_title":"CycleRAP receives Honorable Mention in the Promoting Mobility by Bicycle in Brazil 2024 award","og_description":"The CycleRAP International Pilot Project has just received an Honorable Mention in the Data Collection and Research category at the Promoting Mobility by Bicycle in Brazil 2024 Award. Our CycleRAP partner Fl\u00e1vio Soares, Project manager at Ciclocidade will officially accept the award at the 13th World Bicycle Forum\u00a0and\u00a011th Bicicultura. In its eleventh edition, the \u201cPromoting [&hellip;]","og_url":"https:\/\/irap.org\/es\/cyclerap-receives-honorable-mention-in-the-promoting-mobility-by-bicycle-in-brazil-2024-award\/","og_site_name":"iRAP","article_publisher":"https:\/\/www.facebook.com\/iRAPfb","article_published_time":"2024-07-14T19:37:36+00:00","article_modified_time":"2026-05-05T01:27:12+00:00","og_image":[{"width":1065,"height":370,"url":"https:\/\/irap.org\/wp-content\/uploads\/2026\/04\/CycleRAP-hon-mention.png","type":"image\/png"}],"author":"briarlea","twitter_card":"summary_large_image","twitter_creator":"@irapsavinglives","twitter_site":"@irapsavinglives","twitter_misc":{"Escrito por":"briarlea","Tiempo de lectura":"1 minuto"},"schema":{"@context":"https:\/\/schema.org","@graph":[{"@type":"Article","@id":"https:\/\/irap.org\/nl\/cyclerap-receives-honorable-mention-in-the-promoting-mobility-by-bicycle-in-brazil-2024-award\/#article","isPartOf":{"@id":"https:\/\/irap.org\/nl\/cyclerap-receives-honorable-mention-in-the-promoting-mobility-by-bicycle-in-brazil-2024-award\/"},"author":{"name":"briarlea","@id":"https:\/\/irap.org\/#\/schema\/person\/9122544646907724988e3118c6bfaa5b"},"headline":"CycleRAP receives Honorable Mention in the Promoting Mobility by Bicycle in Brazil 2024 award","datePublished":"2024-07-14T19:37:36+00:00","dateModified":"2026-05-05T01:27:12+00:00","mainEntityOfPage":{"@id":"https:\/\/irap.org\/nl\/cyclerap-receives-honorable-mention-in-the-promoting-mobility-by-bicycle-in-brazil-2024-award\/"},"wordCount":164,"publisher":{"@id":"https:\/\/irap.org\/#organization"},"image":{"@id":"https:\/\/irap.org\/nl\/cyclerap-receives-honorable-mention-in-the-promoting-mobility-by-bicycle-in-brazil-2024-award\/#primaryimage"},"thumbnailUrl":"https:\/\/irap.org\/wp-content\/uploads\/2026\/04\/CycleRAP-hon-mention.png","keywords":["awards","CycleRAP","LAC"],"articleSection":["Global News","CycleRAP","Awards"],"inLanguage":"es-CO"},{"@type":"WebPage","@id":"https:\/\/irap.org\/nl\/cyclerap-receives-honorable-mention-in-the-promoting-mobility-by-bicycle-in-brazil-2024-award\/","url":"https:\/\/irap.org\/nl\/cyclerap-receives-honorable-mention-in-the-promoting-mobility-by-bicycle-in-brazil-2024-award\/","name":"CycleRAP recibe una menci\u00f3n honor\u00edfica en el premio &quot;Promoci\u00f3n de la movilidad en bicicleta en Brasil 2024&quot;.","isPartOf":{"@id":"https:\/\/irap.org\/#website"},"primaryImageOfPage":{"@id":"https:\/\/irap.org\/nl\/cyclerap-receives-honorable-mention-in-the-promoting-mobility-by-bicycle-in-brazil-2024-award\/#primaryimage"},"image":{"@id":"https:\/\/irap.org\/nl\/cyclerap-receives-honorable-mention-in-the-promoting-mobility-by-bicycle-in-brazil-2024-award\/#primaryimage"},"thumbnailUrl":"https:\/\/irap.org\/wp-content\/uploads\/2026\/04\/CycleRAP-hon-mention.png","datePublished":"2024-07-14T19:37:36+00:00","dateModified":"2026-05-05T01:27:12+00:00","breadcrumb":{"@id":"https:\/\/irap.org\/nl\/cyclerap-receives-honorable-mention-in-the-promoting-mobility-by-bicycle-in-brazil-2024-award\/#breadcrumb"},"inLanguage":"es-CO","potentialAction":[{"@type":"ReadAction","target":["https:\/\/irap.org\/nl\/cyclerap-receives-honorable-mention-in-the-promoting-mobility-by-bicycle-in-brazil-2024-award\/"]}]},{"@type":"ImageObject","inLanguage":"es-CO","@id":"https:\/\/irap.org\/nl\/cyclerap-receives-honorable-mention-in-the-promoting-mobility-by-bicycle-in-brazil-2024-award\/#primaryimage","url":"https:\/\/irap.org\/wp-content\/uploads\/2026\/04\/CycleRAP-hon-mention.png","contentUrl":"https:\/\/irap.org\/wp-content\/uploads\/2026\/04\/CycleRAP-hon-mention.png","width":1065,"height":370},{"@type":"BreadcrumbList","@id":"https:\/\/irap.org\/nl\/cyclerap-receives-honorable-mention-in-the-promoting-mobility-by-bicycle-in-brazil-2024-award\/#breadcrumb","itemListElement":[{"@type":"ListItem","position":1,"name":"Awards","item":"https:\/\/irap.org\/nl\/category\/awards\/"},{"@type":"ListItem","position":2,"name":"CycleRAP receives Honorable Mention in the Promoting Mobility by Bicycle in Brazil 2024 award"}]},{"@type":"WebSite","@id":"https:\/\/irap.org\/#website","url":"https:\/\/irap.org\/","name":"iRAP","description":"","publisher":{"@id":"https:\/\/irap.org\/#organization"},"potentialAction":[{"@type":"SearchAction","target":{"@type":"EntryPoint","urlTemplate":"https:\/\/irap.org\/?s={search_term_string}"},"query-input":{"@type":"PropertyValueSpecification","valueRequired":true,"valueName":"search_term_string"}}],"inLanguage":"es-CO"},{"@type":"Organization","@id":"https:\/\/irap.org\/#organization","name":"iRAP","url":"https:\/\/irap.org\/","logo":{"@type":"ImageObject","inLanguage":"es-CO","@id":"https:\/\/irap.org\/#\/schema\/logo\/image\/","url":"https:\/\/irap.org\/wp-content\/uploads\/2026\/01\/Logo.svg","contentUrl":"https:\/\/irap.org\/wp-content\/uploads\/2026\/01\/Logo.svg","width":112,"height":48,"caption":"iRAP"},"image":{"@id":"https:\/\/irap.org\/#\/schema\/logo\/image\/"},"sameAs":["https:\/\/www.facebook.com\/iRAPfb","https:\/\/x.com\/irapsavinglives","https:\/\/www.linkedin.com\/company\/irap\/"],"description":"The International Road Assessment Programme (iRAP) is a global charity dedicated to eliminating high\u2011risk roads and saving lives. We provide world-leading methodologies and tools for measuring and managing road infrastructure safety, and we work in partnership with governments, road authorities, development banks, research institutions, and civil society to make the world\u2019s roads safer for everyone.","email":"icanhelp@irap.org","legalName":"International Road Assessment Programme","vatID":"GB 944 6050 25","numberOfEmployees":{"@type":"QuantitativeValue","minValue":"11","maxValue":"50"}},{"@type":"Person","@id":"https:\/\/irap.org\/#\/schema\/person\/9122544646907724988e3118c6bfaa5b","name":"briarlea","image":{"@type":"ImageObject","inLanguage":"es-CO","@id":"https:\/\/secure.gravatar.com\/avatar\/437db38ec614bdc69e15c67310b82dbf7fcde1bd39e876647099bb596ca0680c?s=96&d=mm&r=g","url":"https:\/\/secure.gravatar.com\/avatar\/437db38ec614bdc69e15c67310b82dbf7fcde1bd39e876647099bb596ca0680c?s=96&d=mm&r=g","contentUrl":"https:\/\/secure.gravatar.com\/avatar\/437db38ec614bdc69e15c67310b82dbf7fcde1bd39e876647099bb596ca0680c?s=96&d=mm&r=g","caption":"briarlea"},"url":"https:\/\/irap.org\/es\/author\/briarlea\/"}]}},"_links":{"self":[{"href":"https:\/\/irap.org\/es\/wp-json\/wp\/v2\/posts\/4881","targetHints":{"allow":["GET"]}}],"collection":[{"href":"https:\/\/irap.org\/es\/wp-json\/wp\/v2\/posts"}],"about":[{"href":"https:\/\/irap.org\/es\/wp-json\/wp\/v2\/types\/post"}],"author":[{"embeddable":true,"href":"https:\/\/irap.org\/es\/wp-json\/wp\/v2\/users\/2"}],"replies":[{"embeddable":true,"href":"https:\/\/irap.org\/es\/wp-json\/wp\/v2\/comments?post=4881"}],"version-history":[{"count":1,"href":"https:\/\/irap.org\/es\/wp-json\/wp\/v2\/posts\/4881\/revisions"}],"predecessor-version":[{"id":8302,"href":"https:\/\/irap.org\/es\/wp-json\/wp\/v2\/posts\/4881\/revisions\/8302"}],"wp:featuredmedia":[{"embeddable":true,"href":"https:\/\/irap.org\/es\/wp-json\/wp\/v2\/media\/4882"}],"wp:attachment":[{"href":"https:\/\/irap.org\/es\/wp-json\/wp\/v2\/media?parent=4881"}],"wp:term":[{"taxonomy":"category","embeddable":true,"href":"https:\/\/irap.org\/es\/wp-json\/wp\/v2\/categories?post=4881"},{"taxonomy":"post_tag","embeddable":true,"href":"https:\/\/irap.org\/es\/wp-json\/wp\/v2\/tags?post=4881"}],"curies":[{"name":"wp","href":"https:\/\/api.w.org\/{rel}","templated":true}]}}