{"id":3866,"date":"2023-04-26T07:16:03","date_gmt":"2023-04-25T21:16:03","guid":{"rendered":"https:\/\/wordpress.temp.irap-dev.org\/supporting-itf-countries-at-the-2023-leipzig-summit\/"},"modified":"2026-04-30T12:40:18","modified_gmt":"2026-04-30T02:40:18","slug":"supporting-itf-countries-at-the-2023-leipzig-summit","status":"publish","type":"post","link":"https:\/\/irap.org\/es\/supporting-itf-countries-at-the-2023-leipzig-summit\/","title":{"rendered":"\u00a1\u00danete a nosotros en la Cumbre ITF 2023 en Leipzig!"},"content":{"rendered":"<p>iRAP estar\u00e1 en acci\u00f3n en el\u00a0<a href=\"https:\/\/summit.itf-oecd.org\/2023\/\">Cumbre de la ITF<\/a> El pr\u00f3ximo mes, nuestros principales objetivos ser\u00e1n apoyar a los pa\u00edses miembros para eliminar las carreteras de alto riesgo, potenciar la informaci\u00f3n sobre seguridad en el transporte mediante el intercambio de datos y financiar infraestructuras viales equitativas, ecol\u00f3gicas y seguras en todo el mundo y en Europa.<\/p>\n<p>La Cumbre Anual de 2023 del Foro Internacional del Transporte (<a href=\"https:\/\/www.itf-oecd.org\/\">ITF<\/a>), tendr\u00e1 lugar en Leipzig, Alemania, del 24 al 26 de mayo, bajo la Presidencia del Reino Unido.<\/p>\n<p>La ITF act\u00faa como un centro de an\u00e1lisis de pol\u00edticas de transporte a nivel mundial y organiza anualmente una Cumbre, solo por invitaci\u00f3n, para Ministros de Transporte. Re\u00fane a Ministros de los 64 pa\u00edses miembros de la ITF y de pa\u00edses invitados con m\u00e1s de 1400 l\u00edderes empresariales, destacados investigadores, representantes de la sociedad civil y autoridades locales y regionales para debatir las tendencias y los desaf\u00edos que configuran el transporte y la movilidad en todo el mundo.<\/p>\n<p>Tema de este a\u00f1o\u00a0<em>Transporte que impulsa econom\u00edas sostenibles <\/em>reunir\u00e1 a los participantes para compartir perspectivas sobre el papel del transporte como facilitador del crecimiento econ\u00f3mico que tambi\u00e9n impulsa la sostenibilidad ambiental y social.\u00a0<a href=\"https:\/\/2022.itf-oecd.org\/programme\">programa<\/a> Se centrar\u00e1 en cinco temas clave:<\/p>\n<ul>\n<li>Promover el acceso inclusivo y combatir la pobreza;<\/li>\n<li>Fomentar el transporte para el crecimiento y la estabilidad econ\u00f3mica;<\/li>\n<li>Impulsar las econom\u00edas mediante la ecologizaci\u00f3n del transporte; y<\/li>\n<li>Construir sistemas de transporte seguros, saludables y resilientes.<\/li>\n<\/ul>\n<p><strong>La participaci\u00f3n de iRAP incluir\u00e1:<\/strong><\/p>\n<table style=\"height: 349px;\">\n<tbody>\n<tr style=\"height: 23px;\">\n<td style=\"height: 23px; width: 142px;\"><u>Martes 23 de mayo<\/u><\/td>\n<td style=\"height: 23px; width: 459px;\">\u00a0<\/td>\n<\/tr>\n<tr style=\"height: 71px;\">\n<td style=\"height: 71px; width: 142px;\">09:00 \u2013 15:00 horas<\/td>\n<td style=\"height: 71px; width: 459px;\">Organizaci\u00f3n de una mesa redonda sobre financiaci\u00f3n y ejecuci\u00f3n de carreteras y calles m\u00e1s seguras para Europa (reuni\u00f3n a puerta cerrada). Este es un evento de seguimiento de la primera mesa redonda celebrada en <a href=\"https:\/\/irap.org\/es\/2022\/10\/experts-gather-to-workshop-safer-european-roads-and-streets\/\">Barcelona en octubre del a\u00f1o pasado<\/a>.<\/td>\n<\/tr>\n<tr style=\"height: 23px;\">\n<td style=\"height: 23px; width: 142px;\">10:45-13:00 horas<\/td>\n<td style=\"height: 23px; width: 459px;\">Participaci\u00f3n en la reuni\u00f3n del Comit\u00e9 Asesor de PIARC<\/td>\n<\/tr>\n<tr style=\"height: 23px;\">\n<td style=\"height: 23px; width: 142px;\">15:30 \u2013 18:00 horas<\/td>\n<td style=\"height: 23px; width: 459px;\">Reuni\u00f3n de <a href=\"https:\/\/irap.org\/es\/about-us\/structure-and-governance\/\">Comit\u00e9 Asesor de Pol\u00edtica Global de iRAP<\/a><\/td>\n<\/tr>\n<tr style=\"height: 23px;\">\n<td style=\"height: 23px; width: 142px;\">\u00a0<\/td>\n<td style=\"height: 23px; width: 459px;\">\u00a0<\/td>\n<\/tr>\n<tr style=\"height: 23px;\">\n<td style=\"height: 23px; width: 142px;\"><u>Mi\u00e9rcoles 24 de mayo<\/u><\/td>\n<td style=\"height: 23px; width: 459px;\">\u00a0<\/td>\n<\/tr>\n<tr style=\"height: 47px;\">\n<td style=\"height: 47px; width: 142px;\">16:00 \u2013 17:30 horas<\/td>\n<td style=\"height: 47px; width: 459px;\">Presentaci\u00f3n del CEO de iRAP, Rob McInerney, en el <a href=\"https:\/\/summit.itf-oecd.org\/2023\/summit-programme\/financing-equitable-green-and-safe-transport\/\">Sesi\u00f3n de panel sobre financiaci\u00f3n de un transporte equitativo, ecol\u00f3gico y seguro<\/a><\/td>\n<\/tr>\n<tr style=\"height: 23px;\">\n<td style=\"height: 23px; width: 142px;\">\u00a0<\/td>\n<td style=\"height: 23px; width: 459px;\">\u00a0<\/td>\n<\/tr>\n<tr style=\"height: 23px;\">\n<td style=\"height: 23px; width: 142px;\"><u>Jueves 25 de mayo<\/u><\/td>\n<td style=\"height: 23px; width: 459px;\">\u00a0<\/td>\n<\/tr>\n<tr>\n<td style=\"width: 142px;\">16:00-16:30 horas<\/td>\n<td style=\"width: 459px;\">Open Stage Cafe: CycleRAP en primer plano<\/td>\n<\/tr>\n<tr>\n<td style=\"width: 142px;\">\u00a0<\/td>\n<td style=\"width: 459px;\">\u00a0<\/td>\n<\/tr>\n<tr style=\"height: 47px;\">\n<td style=\"height: 47px; width: 142px;\"><u>En la exposici\u00f3n<\/u><\/td>\n<td style=\"height: 47px; width: 459px;\">Presentaci\u00f3n destacada de 5 minutos sobre el tema <a href=\"https:\/\/irap.org\/es\/2023\/04\/nearly-50-million-boost-for-safety-on-local-a-roads-of-england\/\">Programa del Fondo para la Seguridad Vial del Reino Unido<\/a> en el stand de la Presidencia del Reino Unido<\/td>\n<\/tr>\n<\/tbody>\n<\/table>\n<p>El personal de iRAP estar\u00e1 disponible para responder preguntas y participar en reuniones paralelas con los pa\u00edses para analizar la situaci\u00f3n nacional de la seguridad de la infraestructura vial, as\u00ed como las iniciativas y oportunidades locales, las herramientas y el apoyo disponibles para salvar vidas y reducir las lesiones graves en carreteras de 3 estrellas o superiores.<\/p>\n<p>Si desea concertar una reuni\u00f3n con el personal de iRAP durante el evento, incluidos Rob McInerney (CEO), Greg Smith (Director del Programa Global), Julio Urzua (Director del Proyecto Global) o Samar Abouraad (Especialista en Viajes Seguros para Europa), p\u00f3ngase en contacto con Judy Williams en<a href=\"mailto:judy.williams@irap.org\">\u00a0judy.williams@irap.org<\/a><\/p>\n<p>Para obtener m\u00e1s informaci\u00f3n sobre la Cumbre, visite <a href=\"https:\/\/summit.itf-oecd.org\/2023\/\">https:\/\/summit.itf-oecd.org\/2023\/<\/a><\/p>\n<p><strong>Recursos \u00fatiles para los pa\u00edses miembros de la ITF y los medios de comunicaci\u00f3n que se dirigen a la Cumbre:<\/strong><\/p>\n<ul>\n<li><a href=\"https:\/\/irap.org\/es\/safety-insights-explorer\/\">iRAP Safety Insight Explorer<\/a> \u00bfCu\u00e1l es el impacto de las lesiones por accidentes de tr\u00e1fico en su pa\u00eds, incluyendo la edad y el g\u00e9nero? \u00bfQu\u00e9 tan seguras son sus carreteras y cu\u00e1les son los principales factores que contribuyen al riesgo? \u00bfY cu\u00e1l es la justificaci\u00f3n econ\u00f3mica para lograr carreteras m\u00e1s seguras, en t\u00e9rminos del ahorro humano y econ\u00f3mico que se puede esperar al alcanzar la Meta 4 de la ONU para 2030?<\/li>\n<li><a href=\"https:\/\/resources.irap.org\/General\/iRAP_in_Countries_Progress_Summary.pdf?_ga=2.124865097.278718140.1682476548-198321408.1680583402\">Resumen de los avances del iRAP en los pa\u00edses<\/a><\/li>\n<li><a href=\"https:\/\/irap.org\/es\/project\/innovation-social-impact-investment\/\">Inversi\u00f3n de impacto social en carreteras m\u00e1s seguras<\/a><\/li>\n<\/ul>\n<p>&nbsp;<\/p>\n<p>&nbsp;<\/p>","protected":false},"excerpt":{"rendered":"<p>iRAP will be in action at the\u00a0ITF Summit next month where our key focusses will be on supporting member countries to eliminate high-risk roads, empowering transport safety insights through shared data, and financing equitable, green and safe road infrastructure world-wide and in Europe. The 2023 Annual Summit of the International Transport Forum (ITF), will take [&hellip;]<\/p>\n","protected":false},"author":10,"featured_media":3867,"comment_status":"closed","ping_status":"open","sticky":false,"template":"","format":"standard","meta":{"_acf_changed":false,"inline_featured_image":false,"footnotes":""},"categories":[28],"tags":[169,466,562,563],"class_list":["post-3866","post","type-post","status-publish","format-standard","has-post-thumbnail","hentry","category-global-news","tag-europe","tag-itf","tag-itf-summit","tag-leipzig"],"acf":[],"yoast_head":"<!-- This site is optimized with the Yoast SEO Premium plugin v27.8 (Yoast SEO v28.2) - https:\/\/yoast.com\/product\/yoast-seo-premium-wordpress\/ -->\n<title>Join us at the 2023 ITF Summit in Leipzig! - iRAP<\/title>\n<meta name=\"robots\" content=\"index, follow, max-snippet:-1, max-image-preview:large, max-video-preview:-1\" \/>\n<link rel=\"canonical\" href=\"https:\/\/irap.org\/es\/supporting-itf-countries-at-the-2023-leipzig-summit\/\" \/>\n<meta property=\"og:locale\" content=\"es_ES\" \/>\n<meta property=\"og:type\" content=\"article\" \/>\n<meta property=\"og:title\" content=\"Join us at the 2023 ITF Summit in Leipzig!\" \/>\n<meta property=\"og:description\" content=\"iRAP will be in action at the\u00a0ITF Summit next month where our key focusses will be on supporting member countries to eliminate high-risk roads, empowering transport safety insights through shared data, and financing equitable, green and safe road infrastructure world-wide and in Europe. The 2023 Annual Summit of the International Transport Forum (ITF), will take [&hellip;]\" \/>\n<meta property=\"og:url\" content=\"https:\/\/irap.org\/es\/supporting-itf-countries-at-the-2023-leipzig-summit\/\" \/>\n<meta property=\"og:site_name\" content=\"iRAP\" \/>\n<meta property=\"article:publisher\" content=\"https:\/\/www.facebook.com\/iRAPfb\" \/>\n<meta property=\"article:published_time\" content=\"2023-04-25T21:16:03+00:00\" \/>\n<meta property=\"article:modified_time\" content=\"2026-04-30T02:40:18+00:00\" \/>\n<meta property=\"og:image\" content=\"https:\/\/irap.org\/wp-content\/uploads\/2026\/04\/ITF-Summit-image.jpg\" \/>\n\t<meta property=\"og:image:width\" content=\"911\" \/>\n\t<meta property=\"og:image:height\" content=\"648\" \/>\n\t<meta property=\"og:image:type\" content=\"image\/jpeg\" \/>\n<meta name=\"author\" content=\"judy.williams\" \/>\n<meta name=\"twitter:card\" content=\"summary_large_image\" \/>\n<meta name=\"twitter:creator\" content=\"@irapsavinglives\" \/>\n<meta name=\"twitter:site\" content=\"@irapsavinglives\" \/>\n<meta name=\"twitter:label1\" content=\"Escrito por\" \/>\n\t<meta name=\"twitter:data1\" content=\"judy.williams\" \/>\n\t<meta name=\"twitter:label2\" content=\"Tiempo de lectura\" \/>\n\t<meta name=\"twitter:data2\" content=\"2 minutos\" \/>\n<script type=\"application\/ld+json\" class=\"yoast-schema-graph\">{\"@context\":\"https:\\\/\\\/schema.org\",\"@graph\":[{\"@type\":\"Article\",\"@id\":\"https:\\\/\\\/irap.org\\\/supporting-itf-countries-at-the-2023-leipzig-summit\\\/#article\",\"isPartOf\":{\"@id\":\"https:\\\/\\\/irap.org\\\/supporting-itf-countries-at-the-2023-leipzig-summit\\\/\"},\"author\":{\"name\":\"judy.williams\",\"@id\":\"https:\\\/\\\/irap.org\\\/#\\\/schema\\\/person\\\/5cc06c81c04e1c61c3f0a4f57abf928b\"},\"headline\":\"Join us at the 2023 ITF Summit in Leipzig!\",\"datePublished\":\"2023-04-25T21:16:03+00:00\",\"dateModified\":\"2026-04-30T02:40:18+00:00\",\"mainEntityOfPage\":{\"@id\":\"https:\\\/\\\/irap.org\\\/supporting-itf-countries-at-the-2023-leipzig-summit\\\/\"},\"wordCount\":502,\"publisher\":{\"@id\":\"https:\\\/\\\/irap.org\\\/#organization\"},\"image\":{\"@id\":\"https:\\\/\\\/irap.org\\\/supporting-itf-countries-at-the-2023-leipzig-summit\\\/#primaryimage\"},\"thumbnailUrl\":\"https:\\\/\\\/irap.org\\\/wp-content\\\/uploads\\\/2026\\\/04\\\/ITF-Summit-image.jpg\",\"keywords\":[\"Europe\",\"ITF\",\"ITF Summit\",\"Leipzig\"],\"articleSection\":[\"Global News\"],\"inLanguage\":\"es-CO\"},{\"@type\":\"WebPage\",\"@id\":\"https:\\\/\\\/irap.org\\\/supporting-itf-countries-at-the-2023-leipzig-summit\\\/\",\"url\":\"https:\\\/\\\/irap.org\\\/supporting-itf-countries-at-the-2023-leipzig-summit\\\/\",\"name\":\"Join us at the 2023 ITF Summit in Leipzig! - iRAP\",\"isPartOf\":{\"@id\":\"https:\\\/\\\/irap.org\\\/#website\"},\"primaryImageOfPage\":{\"@id\":\"https:\\\/\\\/irap.org\\\/supporting-itf-countries-at-the-2023-leipzig-summit\\\/#primaryimage\"},\"image\":{\"@id\":\"https:\\\/\\\/irap.org\\\/supporting-itf-countries-at-the-2023-leipzig-summit\\\/#primaryimage\"},\"thumbnailUrl\":\"https:\\\/\\\/irap.org\\\/wp-content\\\/uploads\\\/2026\\\/04\\\/ITF-Summit-image.jpg\",\"datePublished\":\"2023-04-25T21:16:03+00:00\",\"dateModified\":\"2026-04-30T02:40:18+00:00\",\"breadcrumb\":{\"@id\":\"https:\\\/\\\/irap.org\\\/supporting-itf-countries-at-the-2023-leipzig-summit\\\/#breadcrumb\"},\"inLanguage\":\"es-CO\",\"potentialAction\":[{\"@type\":\"ReadAction\",\"target\":[\"https:\\\/\\\/irap.org\\\/supporting-itf-countries-at-the-2023-leipzig-summit\\\/\"]}]},{\"@type\":\"ImageObject\",\"inLanguage\":\"es-CO\",\"@id\":\"https:\\\/\\\/irap.org\\\/supporting-itf-countries-at-the-2023-leipzig-summit\\\/#primaryimage\",\"url\":\"https:\\\/\\\/irap.org\\\/wp-content\\\/uploads\\\/2026\\\/04\\\/ITF-Summit-image.jpg\",\"contentUrl\":\"https:\\\/\\\/irap.org\\\/wp-content\\\/uploads\\\/2026\\\/04\\\/ITF-Summit-image.jpg\",\"width\":911,\"height\":648},{\"@type\":\"BreadcrumbList\",\"@id\":\"https:\\\/\\\/irap.org\\\/supporting-itf-countries-at-the-2023-leipzig-summit\\\/#breadcrumb\",\"itemListElement\":[{\"@type\":\"ListItem\",\"position\":1,\"name\":\"Global News\",\"item\":\"https:\\\/\\\/irap.org\\\/category\\\/global-news\\\/\"},{\"@type\":\"ListItem\",\"position\":2,\"name\":\"Join us at the 2023 ITF Summit in Leipzig!\"}]},{\"@type\":\"WebSite\",\"@id\":\"https:\\\/\\\/irap.org\\\/#website\",\"url\":\"https:\\\/\\\/irap.org\\\/\",\"name\":\"iRAP\",\"description\":\"\",\"publisher\":{\"@id\":\"https:\\\/\\\/irap.org\\\/#organization\"},\"potentialAction\":[{\"@type\":\"SearchAction\",\"target\":{\"@type\":\"EntryPoint\",\"urlTemplate\":\"https:\\\/\\\/irap.org\\\/?s={search_term_string}\"},\"query-input\":{\"@type\":\"PropertyValueSpecification\",\"valueRequired\":true,\"valueName\":\"search_term_string\"}}],\"inLanguage\":\"es-CO\"},{\"@type\":\"Organization\",\"@id\":\"https:\\\/\\\/irap.org\\\/#organization\",\"name\":\"iRAP\",\"url\":\"https:\\\/\\\/irap.org\\\/\",\"logo\":{\"@type\":\"ImageObject\",\"inLanguage\":\"es-CO\",\"@id\":\"https:\\\/\\\/irap.org\\\/#\\\/schema\\\/logo\\\/image\\\/\",\"url\":\"https:\\\/\\\/irap.org\\\/wp-content\\\/uploads\\\/2026\\\/01\\\/Logo.svg\",\"contentUrl\":\"https:\\\/\\\/irap.org\\\/wp-content\\\/uploads\\\/2026\\\/01\\\/Logo.svg\",\"width\":112,\"height\":48,\"caption\":\"iRAP\"},\"image\":{\"@id\":\"https:\\\/\\\/irap.org\\\/#\\\/schema\\\/logo\\\/image\\\/\"},\"sameAs\":[\"https:\\\/\\\/www.facebook.com\\\/iRAPfb\",\"https:\\\/\\\/x.com\\\/irapsavinglives\",\"https:\\\/\\\/www.linkedin.com\\\/company\\\/irap\\\/\"],\"description\":\"The International Road Assessment Programme (iRAP) is a global charity dedicated to eliminating high\u2011risk roads and saving lives. We provide world-leading methodologies and tools for measuring and managing road infrastructure safety, and we work in partnership with governments, road authorities, development banks, research institutions, and civil society to make the world\u2019s roads safer for everyone.\",\"email\":\"icanhelp@irap.org\",\"legalName\":\"International Road Assessment Programme\",\"vatID\":\"GB 944 6050 25\",\"numberOfEmployees\":{\"@type\":\"QuantitativeValue\",\"minValue\":\"11\",\"maxValue\":\"50\"}},{\"@type\":\"Person\",\"@id\":\"https:\\\/\\\/irap.org\\\/#\\\/schema\\\/person\\\/5cc06c81c04e1c61c3f0a4f57abf928b\",\"name\":\"judy.williams\",\"image\":{\"@type\":\"ImageObject\",\"inLanguage\":\"es-CO\",\"@id\":\"https:\\\/\\\/secure.gravatar.com\\\/avatar\\\/2d470caf7b9f125848f9c9dcd8667929c075f3244431b100b5afa57fd43e24b4?s=96&d=mm&r=g\",\"url\":\"https:\\\/\\\/secure.gravatar.com\\\/avatar\\\/2d470caf7b9f125848f9c9dcd8667929c075f3244431b100b5afa57fd43e24b4?s=96&d=mm&r=g\",\"contentUrl\":\"https:\\\/\\\/secure.gravatar.com\\\/avatar\\\/2d470caf7b9f125848f9c9dcd8667929c075f3244431b100b5afa57fd43e24b4?s=96&d=mm&r=g\",\"caption\":\"judy.williams\"},\"url\":\"https:\\\/\\\/irap.org\\\/es\\\/author\\\/judy-williams\\\/\"}]}<\/script>\n<!-- \/ Yoast SEO Premium plugin. -->","yoast_head_json":{"title":"Join us at the 2023 ITF Summit in Leipzig! - iRAP","robots":{"index":"index","follow":"follow","max-snippet":"max-snippet:-1","max-image-preview":"max-image-preview:large","max-video-preview":"max-video-preview:-1"},"canonical":"https:\/\/irap.org\/es\/supporting-itf-countries-at-the-2023-leipzig-summit\/","og_locale":"es_ES","og_type":"article","og_title":"Join us at the 2023 ITF Summit in Leipzig!","og_description":"iRAP will be in action at the\u00a0ITF Summit next month where our key focusses will be on supporting member countries to eliminate high-risk roads, empowering transport safety insights through shared data, and financing equitable, green and safe road infrastructure world-wide and in Europe. The 2023 Annual Summit of the International Transport Forum (ITF), will take [&hellip;]","og_url":"https:\/\/irap.org\/es\/supporting-itf-countries-at-the-2023-leipzig-summit\/","og_site_name":"iRAP","article_publisher":"https:\/\/www.facebook.com\/iRAPfb","article_published_time":"2023-04-25T21:16:03+00:00","article_modified_time":"2026-04-30T02:40:18+00:00","og_image":[{"width":911,"height":648,"url":"https:\/\/irap.org\/wp-content\/uploads\/2026\/04\/ITF-Summit-image.jpg","type":"image\/jpeg"}],"author":"judy.williams","twitter_card":"summary_large_image","twitter_creator":"@irapsavinglives","twitter_site":"@irapsavinglives","twitter_misc":{"Escrito por":"judy.williams","Tiempo de lectura":"2 minutos"},"schema":{"@context":"https:\/\/schema.org","@graph":[{"@type":"Article","@id":"https:\/\/irap.org\/supporting-itf-countries-at-the-2023-leipzig-summit\/#article","isPartOf":{"@id":"https:\/\/irap.org\/supporting-itf-countries-at-the-2023-leipzig-summit\/"},"author":{"name":"judy.williams","@id":"https:\/\/irap.org\/#\/schema\/person\/5cc06c81c04e1c61c3f0a4f57abf928b"},"headline":"Join us at the 2023 ITF Summit in Leipzig!","datePublished":"2023-04-25T21:16:03+00:00","dateModified":"2026-04-30T02:40:18+00:00","mainEntityOfPage":{"@id":"https:\/\/irap.org\/supporting-itf-countries-at-the-2023-leipzig-summit\/"},"wordCount":502,"publisher":{"@id":"https:\/\/irap.org\/#organization"},"image":{"@id":"https:\/\/irap.org\/supporting-itf-countries-at-the-2023-leipzig-summit\/#primaryimage"},"thumbnailUrl":"https:\/\/irap.org\/wp-content\/uploads\/2026\/04\/ITF-Summit-image.jpg","keywords":["Europe","ITF","ITF Summit","Leipzig"],"articleSection":["Global News"],"inLanguage":"es-CO"},{"@type":"WebPage","@id":"https:\/\/irap.org\/supporting-itf-countries-at-the-2023-leipzig-summit\/","url":"https:\/\/irap.org\/supporting-itf-countries-at-the-2023-leipzig-summit\/","name":"Join us at the 2023 ITF Summit in Leipzig! - iRAP","isPartOf":{"@id":"https:\/\/irap.org\/#website"},"primaryImageOfPage":{"@id":"https:\/\/irap.org\/supporting-itf-countries-at-the-2023-leipzig-summit\/#primaryimage"},"image":{"@id":"https:\/\/irap.org\/supporting-itf-countries-at-the-2023-leipzig-summit\/#primaryimage"},"thumbnailUrl":"https:\/\/irap.org\/wp-content\/uploads\/2026\/04\/ITF-Summit-image.jpg","datePublished":"2023-04-25T21:16:03+00:00","dateModified":"2026-04-30T02:40:18+00:00","breadcrumb":{"@id":"https:\/\/irap.org\/supporting-itf-countries-at-the-2023-leipzig-summit\/#breadcrumb"},"inLanguage":"es-CO","potentialAction":[{"@type":"ReadAction","target":["https:\/\/irap.org\/supporting-itf-countries-at-the-2023-leipzig-summit\/"]}]},{"@type":"ImageObject","inLanguage":"es-CO","@id":"https:\/\/irap.org\/supporting-itf-countries-at-the-2023-leipzig-summit\/#primaryimage","url":"https:\/\/irap.org\/wp-content\/uploads\/2026\/04\/ITF-Summit-image.jpg","contentUrl":"https:\/\/irap.org\/wp-content\/uploads\/2026\/04\/ITF-Summit-image.jpg","width":911,"height":648},{"@type":"BreadcrumbList","@id":"https:\/\/irap.org\/supporting-itf-countries-at-the-2023-leipzig-summit\/#breadcrumb","itemListElement":[{"@type":"ListItem","position":1,"name":"Global News","item":"https:\/\/irap.org\/category\/global-news\/"},{"@type":"ListItem","position":2,"name":"Join us at the 2023 ITF Summit in Leipzig!"}]},{"@type":"WebSite","@id":"https:\/\/irap.org\/#website","url":"https:\/\/irap.org\/","name":"iRAP","description":"","publisher":{"@id":"https:\/\/irap.org\/#organization"},"potentialAction":[{"@type":"SearchAction","target":{"@type":"EntryPoint","urlTemplate":"https:\/\/irap.org\/?s={search_term_string}"},"query-input":{"@type":"PropertyValueSpecification","valueRequired":true,"valueName":"search_term_string"}}],"inLanguage":"es-CO"},{"@type":"Organization","@id":"https:\/\/irap.org\/#organization","name":"iRAP","url":"https:\/\/irap.org\/","logo":{"@type":"ImageObject","inLanguage":"es-CO","@id":"https:\/\/irap.org\/#\/schema\/logo\/image\/","url":"https:\/\/irap.org\/wp-content\/uploads\/2026\/01\/Logo.svg","contentUrl":"https:\/\/irap.org\/wp-content\/uploads\/2026\/01\/Logo.svg","width":112,"height":48,"caption":"iRAP"},"image":{"@id":"https:\/\/irap.org\/#\/schema\/logo\/image\/"},"sameAs":["https:\/\/www.facebook.com\/iRAPfb","https:\/\/x.com\/irapsavinglives","https:\/\/www.linkedin.com\/company\/irap\/"],"description":"The International Road Assessment Programme (iRAP) is a global charity dedicated to eliminating high\u2011risk roads and saving lives. We provide world-leading methodologies and tools for measuring and managing road infrastructure safety, and we work in partnership with governments, road authorities, development banks, research institutions, and civil society to make the world\u2019s roads safer for everyone.","email":"icanhelp@irap.org","legalName":"International Road Assessment Programme","vatID":"GB 944 6050 25","numberOfEmployees":{"@type":"QuantitativeValue","minValue":"11","maxValue":"50"}},{"@type":"Person","@id":"https:\/\/irap.org\/#\/schema\/person\/5cc06c81c04e1c61c3f0a4f57abf928b","name":"judy.williams","image":{"@type":"ImageObject","inLanguage":"es-CO","@id":"https:\/\/secure.gravatar.com\/avatar\/2d470caf7b9f125848f9c9dcd8667929c075f3244431b100b5afa57fd43e24b4?s=96&d=mm&r=g","url":"https:\/\/secure.gravatar.com\/avatar\/2d470caf7b9f125848f9c9dcd8667929c075f3244431b100b5afa57fd43e24b4?s=96&d=mm&r=g","contentUrl":"https:\/\/secure.gravatar.com\/avatar\/2d470caf7b9f125848f9c9dcd8667929c075f3244431b100b5afa57fd43e24b4?s=96&d=mm&r=g","caption":"judy.williams"},"url":"https:\/\/irap.org\/es\/author\/judy-williams\/"}]}},"_links":{"self":[{"href":"https:\/\/irap.org\/es\/wp-json\/wp\/v2\/posts\/3866","targetHints":{"allow":["GET"]}}],"collection":[{"href":"https:\/\/irap.org\/es\/wp-json\/wp\/v2\/posts"}],"about":[{"href":"https:\/\/irap.org\/es\/wp-json\/wp\/v2\/types\/post"}],"author":[{"embeddable":true,"href":"https:\/\/irap.org\/es\/wp-json\/wp\/v2\/users\/10"}],"replies":[{"embeddable":true,"href":"https:\/\/irap.org\/es\/wp-json\/wp\/v2\/comments?post=3866"}],"version-history":[{"count":1,"href":"https:\/\/irap.org\/es\/wp-json\/wp\/v2\/posts\/3866\/revisions"}],"predecessor-version":[{"id":6913,"href":"https:\/\/irap.org\/es\/wp-json\/wp\/v2\/posts\/3866\/revisions\/6913"}],"wp:featuredmedia":[{"embeddable":true,"href":"https:\/\/irap.org\/es\/wp-json\/wp\/v2\/media\/3867"}],"wp:attachment":[{"href":"https:\/\/irap.org\/es\/wp-json\/wp\/v2\/media?parent=3866"}],"wp:term":[{"taxonomy":"category","embeddable":true,"href":"https:\/\/irap.org\/es\/wp-json\/wp\/v2\/categories?post=3866"},{"taxonomy":"post_tag","embeddable":true,"href":"https:\/\/irap.org\/es\/wp-json\/wp\/v2\/tags?post=3866"}],"curies":[{"name":"wp","href":"https:\/\/api.w.org\/{rel}","templated":true}]}}